{"id":3560,"date":"2020-10-08T13:32:48","date_gmt":"2020-10-08T13:32:48","guid":{"rendered":"http:\/\/www.campingverneda.com\/blog\/?p=3560"},"modified":"2020-12-10T12:58:12","modified_gmt":"2020-12-10T12:58:12","slug":"escapadas-para-aprender-de-la-naturaleza","status":"publish","type":"post","link":"https:\/\/www.campingverneda.com\/blog\/2020\/10\/08\/escapadas-para-aprender-de-la-naturaleza\/","title":{"rendered":"Escapadas para aprender de la Naturaleza"},"content":{"rendered":"<p>Este a\u00f1o el curso escolar es m\u00e1s incierto que los habituales, entre clases online y algunas presenciales, os proponemos que los<strong> fines de semana contin\u00faen siendo d\u00edas de aprendizaje, pero mediante la observaci\u00f3n<\/strong>.<\/p>\n<p>El oto\u00f1o en la Val d\u2019Aran es perfecto para entender la diferencia entre hojas caducas y perennes, y muchos otros temas vinculados a la flora, ya que <strong>este valle de los Pirineos presenta un alto valor ecol\u00f3gico<\/strong>. Nuestros bosques repletos de abetos (Abies alba), hayas (Fagus sylvatica) y robles (Quercus) se rodean de distintas variedades de musgos y helechos, estas especies son <strong>tan comunes en el Valle de Aran por nuestra gran calidad ambiental<\/strong>, y porque aqu\u00ed se cumplen sus requisitos de crecimiento ya que necesitan niveles muy altos de ox\u00edgeno.<\/p>\n<div class=\"video-shortcode\"><iframe loading=\"lazy\" width=\"1778\" height=\"1000\" src=\"https:\/\/www.youtube.com\/embed\/t72gjKl8YrY?feature=oembed\" frameborder=\"0\" allow=\"accelerometer; autoplay; clipboard-write; encrypted-media; gyroscope; picture-in-picture\" allowfullscreen><\/iframe><\/div>\n<p>Adem\u00e1s de todo lo referente a la flora, tambi\u00e9n es el mejor momento para que los y las peques de casa observen la berrea del ciervo, los caballos en libertad, distintas aves preparando sus nidos para el invierno, y mucho m\u00e1s de los animalitos con los que cohabitamos.<\/p>\n<p>Ya cuando son un poco m\u00e1s mayores, aqu\u00ed pueden \u2018flipar\u2019 literalmente de todo esto pero desde la bici, aumentando as\u00ed su rendimientos f\u00edsico mientras reciben est\u00edmulos naturales constantes.<\/p>\n<p>Para peques y mayores, para todos, hemos creado <a href=\"https:\/\/thelisresa.webcamp.fr\/list.php?camping=verneda&amp;track=2692020&amp;type=2&amp;typelocation=0&amp;nb_pers=0&amp;begin=2020-10-05&amp;end=2020-10-10&amp;duration=5&amp;beginType=0&amp;tolerance=0&amp;lang=es&amp;PHPSESSID=r591fn2t9fddo3r8kput720tua\" target=\"_blank\" rel=\"noopener\">una promoci\u00f3n exclusiva para este mes de octubre<\/a> (a excepci\u00f3n del 9 al 12 de octubre y del 30 de octubre al 1 de noviemre). Esta promoci\u00f3n se aplica a nuestros bungalows de madera y es v\u00e1lida hasta el pr\u00f3ximo 29 de octubre.<\/p>\n<p>As\u00ed que si este oto\u00f1o quieres aprender m\u00e1s all\u00e1 de las aulas, y divertirte en familia, vente a la Val d\u2019Aran y descubre la Naturaleza multicolor que nos rodea en este lado de los Pirineos.<\/p>\n","protected":false},"excerpt":{"rendered":"<p>Este a\u00f1o el curso escolar es m\u00e1s incierto que los habituales, entre clases online y algunas presenciales, os proponemos que los fines de semana contin\u00faen [&hellip;]<\/p>\n","protected":false},"author":1,"featured_media":3561,"comment_status":"open","ping_status":"open","sticky":false,"template":"","format":"standard","meta":[],"categories":[71,129],"tags":[1169,1168,1025,11,1147,1039,13,42,818],"_links":{"self":[{"href":"https:\/\/www.campingverneda.com\/blog\/wp-json\/wp\/v2\/posts\/3560"}],"collection":[{"href":"https:\/\/www.campingverneda.com\/blog\/wp-json\/wp\/v2\/posts"}],"about":[{"href":"https:\/\/www.campingverneda.com\/blog\/wp-json\/wp\/v2\/types\/post"}],"author":[{"embeddable":true,"href":"https:\/\/www.campingverneda.com\/blog\/wp-json\/wp\/v2\/users\/1"}],"replies":[{"embeddable":true,"href":"https:\/\/www.campingverneda.com\/blog\/wp-json\/wp\/v2\/comments?post=3560"}],"version-history":[{"count":1,"href":"https:\/\/www.campingverneda.com\/blog\/wp-json\/wp\/v2\/posts\/3560\/revisions"}],"predecessor-version":[{"id":3562,"href":"https:\/\/www.campingverneda.com\/blog\/wp-json\/wp\/v2\/posts\/3560\/revisions\/3562"}],"wp:featuredmedia":[{"embeddable":true,"href":"https:\/\/www.campingverneda.com\/blog\/wp-json\/wp\/v2\/media\/3561"}],"wp:attachment":[{"href":"https:\/\/www.campingverneda.com\/blog\/wp-json\/wp\/v2\/media?parent=3560"}],"wp:term":[{"taxonomy":"category","embeddable":true,"href":"https:\/\/www.campingverneda.com\/blog\/wp-json\/wp\/v2\/categories?post=3560"},{"taxonomy":"post_tag","embeddable":true,"href":"https:\/\/www.campingverneda.com\/blog\/wp-json\/wp\/v2\/tags?post=3560"}],"curies":[{"name":"wp","href":"https:\/\/api.w.org\/{rel}","templated":true}]}}