{"id":3551,"date":"2020-09-24T17:05:22","date_gmt":"2020-09-24T17:05:22","guid":{"rendered":"http:\/\/www.campingverneda.com\/blog\/?p=3551"},"modified":"2020-12-10T12:57:46","modified_gmt":"2020-12-10T12:57:46","slug":"top-5-de-este-otono-en-la-val-daran","status":"publish","type":"post","link":"https:\/\/www.campingverneda.com\/blog\/2020\/09\/24\/top-5-de-este-otono-en-la-val-daran\/","title":{"rendered":"TOP 5 de este oto\u00f1o en la Val d\u2019Aran"},"content":{"rendered":"<p>Abrimos la ventana y claramente vemos que el oto\u00f1o \u00a1ya est\u00e1 aqu\u00ed! Y eso nos encanta. Las laderas de las monta\u00f1as se colorean al un\u00edsono, la temperatura es muy agradable para recorrer nuestras monta\u00f1as, y podemos aparcar en cualquier espacio correctamente sin simular una \u2018misi\u00f3n imposible\u2019.<\/p>\n<p>Por eso os invitamos a que conozc\u00e1is la Val d\u2019Aran en esta \u00e9poca del a\u00f1o para disfrutar de un oto\u00f1o rodeado de naturaleza en su estado m\u00e1s puro e, incluso, rom\u00e1ntico.<\/p>\n<div id=\"attachment_3552\" style=\"width: 555px\" class=\"wp-caption alignright\"><a href=\"http:\/\/www.campingverneda.com\/blog\/2020\/09\/24\/top-5-de-este-otono-en-la-val-daran\/verneda-camping-setas-valdaran\/\" rel=\"attachment wp-att-3552\"><img aria-describedby=\"caption-attachment-3552\" decoding=\"async\" loading=\"lazy\" class=\" wp-image-3552\" src=\"http:\/\/www.campingverneda.com\/blog\/wp-content\/uploads\/2020\/09\/verneda-camping-setas-valdaran.png\" alt=\"micolog\u00eda en la Val d'Aran\" width=\"545\" height=\"603\" srcset=\"https:\/\/www.campingverneda.com\/blog\/wp-content\/uploads\/2020\/09\/verneda-camping-setas-valdaran-200x221.png 200w, https:\/\/www.campingverneda.com\/blog\/wp-content\/uploads\/2020\/09\/verneda-camping-setas-valdaran-271x300.png 271w, https:\/\/www.campingverneda.com\/blog\/wp-content\/uploads\/2020\/09\/verneda-camping-setas-valdaran-400x443.png 400w, https:\/\/www.campingverneda.com\/blog\/wp-content\/uploads\/2020\/09\/verneda-camping-setas-valdaran-600x664.png 600w, https:\/\/www.campingverneda.com\/blog\/wp-content\/uploads\/2020\/09\/verneda-camping-setas-valdaran-768x850.png 768w, https:\/\/www.campingverneda.com\/blog\/wp-content\/uploads\/2020\/09\/verneda-camping-setas-valdaran-800x885.png 800w, https:\/\/www.campingverneda.com\/blog\/wp-content\/uploads\/2020\/09\/verneda-camping-setas-valdaran-925x1024.png 925w, https:\/\/www.campingverneda.com\/blog\/wp-content\/uploads\/2020\/09\/verneda-camping-setas-valdaran.png 1146w\" sizes=\"(max-width: 545px) 100vw, 545px\" \/><\/a><p id=\"caption-attachment-3552\" class=\"wp-caption-text\">Foto de Misharnon (Cristina Cabrera)<\/p><\/div>\n<p>1. Si ven\u00eds antes del 30 de septiembre pod\u00e9is aprovechar la<strong> programaci\u00f3n de Bienestar ofrecida por turismo Val d\u2019Aran<\/strong>. <a href=\"https:\/\/www.visitvaldaran.com\/mes-del-bienestar\/terapias-grupales\/\" target=\"_blank\" rel=\"noopener\">Aqu\u00ed tienes toda la info<\/a> sobre las actividades adheridas a este programa: <strong>Yoga, paseos por nuestras monta\u00f1as pirenaicas, ba\u00f1os de bosque, talleres de astrolog\u00eda, y mucho m\u00e1s<\/strong>. Buenos planes para disfrutar y aprender con toda la familia.<\/p>\n<p>2. <strong>La berrea del ciervo<\/strong>: uno de los mayores espect\u00e1culos de la Naturaleza. Se trata del periodo de celo del ciervo en el que \u00e9stos emiten bramidos para atraer a las hembras. Puedes consultar en nuestra recepci\u00f3n y te daremos toda la informaci\u00f3n sobre las diferentes empresas que gestionan esta actividad como son <a href=\"https:\/\/verdeblu.es\/\" target=\"_blank\" rel=\"noopener\">Verd e Blu<\/a>, <a href=\"http:\/\/www.camins.net\/\">Camins<\/a> o <a href=\"http:\/\/www.excitingevents.es\/\">Exciting Pyrenees<\/a>, entre otras.<\/p>\n<p>3. <strong>Ba\u00f1os de bosque<\/strong>: Perderse por los bosques, pasear escuchando el sonido de las hojas de los \u00e1rboles. \u00a1Todos nuestros sentidos se activan! Entre los bosques recomendados os presentamos: <strong>el bosque m\u00e1gico de Carlac<\/strong> con su ruta circular a trav\u00e9s de su hayedo milenario; y el<strong> bosque de Conangles<\/strong>, situado en la zona sur del t\u00fanel de Vielha que tiene una luz \u00fanica que se cuela a trav\u00e9s de sus hayas y abetos.<\/p>\n<p>4. <strong>Descubrir setas<\/strong>: Tras las primeras lluvias comienzan a salir las primeras setas. Avent\u00farate en los caminos m\u00e1s sombr\u00edos y aprende de ellas en cada paso. Lo ideal es observarlas y seguir caminando, \u00a1no las cojas si desconoces qu\u00e9 tipo de setas son! Deja eso para los\/as expertos\/as\u2026 Y si las conoces, es importante que tengas el permiso necesario para ello. Puedes consultar t<a href=\"https:\/\/www.conselharan.org\/ca\/nova-ordenanca-en-la-val-daran-que-regula-la-recollida-de-bolets\/\">oda la informaci\u00f3n en la web del Conselh Generau d\u2019Aran<\/a>.<\/p>\n<p>5. Bici, bici y mucha bici. Ahora que Lorenzo ya no calienta tanto, el oto\u00f1o es perfecto para coger la bici y hacer unos kil\u00f3metros, tanto por carretera como por la monta\u00f1a. \u00a1Ahora es el mejor momento!<\/p>\n<p>No te quedes con las ganas. Aprovecha este oto\u00f1o para maravillarte con este espect\u00e1culo de luz, color y actividades infinitas de la Val d\u2019Aran. \u00a1Bienvenidos\/as a la #VIDAVerneda en oto\u00f1o!<\/p>\n","protected":false},"excerpt":{"rendered":"<p>Abrimos la ventana y claramente vemos que el oto\u00f1o \u00a1ya est\u00e1 aqu\u00ed! Y eso nos encanta. Las laderas de las monta\u00f1as se colorean al un\u00edsono, [&hellip;]<\/p>\n","protected":false},"author":1,"featured_media":3553,"comment_status":"open","ping_status":"open","sticky":false,"template":"","format":"standard","meta":[],"categories":[71],"tags":[1164,1165,1166,1167,51,546,713,11,696,348,1058,1162,1163,818],"_links":{"self":[{"href":"https:\/\/www.campingverneda.com\/blog\/wp-json\/wp\/v2\/posts\/3551"}],"collection":[{"href":"https:\/\/www.campingverneda.com\/blog\/wp-json\/wp\/v2\/posts"}],"about":[{"href":"https:\/\/www.campingverneda.com\/blog\/wp-json\/wp\/v2\/types\/post"}],"author":[{"embeddable":true,"href":"https:\/\/www.campingverneda.com\/blog\/wp-json\/wp\/v2\/users\/1"}],"replies":[{"embeddable":true,"href":"https:\/\/www.campingverneda.com\/blog\/wp-json\/wp\/v2\/comments?post=3551"}],"version-history":[{"count":4,"href":"https:\/\/www.campingverneda.com\/blog\/wp-json\/wp\/v2\/posts\/3551\/revisions"}],"predecessor-version":[{"id":3557,"href":"https:\/\/www.campingverneda.com\/blog\/wp-json\/wp\/v2\/posts\/3551\/revisions\/3557"}],"wp:featuredmedia":[{"embeddable":true,"href":"https:\/\/www.campingverneda.com\/blog\/wp-json\/wp\/v2\/media\/3553"}],"wp:attachment":[{"href":"https:\/\/www.campingverneda.com\/blog\/wp-json\/wp\/v2\/media?parent=3551"}],"wp:term":[{"taxonomy":"category","embeddable":true,"href":"https:\/\/www.campingverneda.com\/blog\/wp-json\/wp\/v2\/categories?post=3551"},{"taxonomy":"post_tag","embeddable":true,"href":"https:\/\/www.campingverneda.com\/blog\/wp-json\/wp\/v2\/tags?post=3551"}],"curies":[{"name":"wp","href":"https:\/\/api.w.org\/{rel}","templated":true}]}}