{"id":3533,"date":"2020-09-03T16:48:15","date_gmt":"2020-09-03T16:48:15","guid":{"rendered":"http:\/\/www.campingverneda.com\/blog\/?p=3533"},"modified":"2021-04-19T14:52:55","modified_gmt":"2021-04-19T14:52:55","slug":"destino-tripadvisor-elegido-por-los-viajeros","status":"publish","type":"post","link":"https:\/\/www.campingverneda.com\/blog\/2020\/09\/03\/destino-tripadvisor-elegido-por-los-viajeros\/","title":{"rendered":"Destino TripAdvisor elegido por los viajeros"},"content":{"rendered":"<p>Terminamos un verano que comenzamos con muchas dudas y demasiada incertidumbre, pero que finaliza con el mejor sabor de boca. Un verano repleto de buenos momentos compartidos, chapuzones en nuestra piscina, construir caba\u00f1as en los \u00e1rboles, descubrir nuevos rincones inexplorados en la Val d\u2019Aran\u2026<\/p>\n<p>Tambi\u00e9n empezamos a poner punto final a un verano de mucho trabajo el que nuestro equipo de #VIDAVerneda se ha esforzado al m\u00e1ximo por ofrecer <strong>un lugar ideal y seguro para las mejores vacaciones de todos aquellos que nos hab\u00e9is visitado<\/strong>.<\/p>\n<p>Por eso hoy, a todos\/as los viajeros\/as que segu\u00eds confiando en nosotros y que volv\u00e9is una otra y otra vez a visitarnos queremos daros las gracias. <strong>Gracias infinitas por escogernos<\/strong>, por volver con vuestras personas importantes, y sobre todo gracias por vuestros comentarios en todas las plataformas sociales en las que estamos presentes.<\/p>\n<div id=\"attachment_3539\" style=\"width: 379px\" class=\"wp-caption alignright\"><a href=\"http:\/\/www.campingverneda.com\/blog\/2020\/09\/03\/destino-tripadvisor-elegido-por-los-viajeros\/verneda-tripadvisor_widget-2\/\" rel=\"attachment wp-att-3539\"><img aria-describedby=\"caption-attachment-3539\" decoding=\"async\" loading=\"lazy\" class=\" wp-image-3539\" src=\"http:\/\/www.campingverneda.com\/blog\/wp-content\/uploads\/2020\/09\/verneda-tripadvisor_widget-1.jpg\" alt=\"bungalows verneda\" width=\"369\" height=\"322\" srcset=\"https:\/\/www.campingverneda.com\/blog\/wp-content\/uploads\/2020\/09\/verneda-tripadvisor_widget-1-200x174.jpg 200w, https:\/\/www.campingverneda.com\/blog\/wp-content\/uploads\/2020\/09\/verneda-tripadvisor_widget-1-300x262.jpg 300w, https:\/\/www.campingverneda.com\/blog\/wp-content\/uploads\/2020\/09\/verneda-tripadvisor_widget-1-400x349.jpg 400w, https:\/\/www.campingverneda.com\/blog\/wp-content\/uploads\/2020\/09\/verneda-tripadvisor_widget-1.jpg 407w\" sizes=\"(max-width: 369px) 100vw, 369px\" \/><\/a><p id=\"caption-attachment-3539\" class=\"wp-caption-text\">Verneda Mountain resort destino escogido por los viajeros<\/p><\/div>\n<p>Un a\u00f1o m\u00e1s, <strong>Verneda Camping Mountain Resort ha sido seleccionado como el destino favorito por los viajeros de TripAdvisor y nos han otorgado la insignia <a href=\"https:\/\/www.tripadvisor.es\/Hotel_Review-g1974770-d2259779-Reviews-Verneda_Camping_Mountain_Resort-Arros_Val_d_Aran_Province_of_Lleida_Catalonia.html\" target=\"_blank\" rel=\"noopener\">Traveller\u2019s Choice 2020<\/a><\/strong>, que nos hace inmensamente felices.<\/p>\n<p>As\u00ed damos casi por terminada esta temporada de verano, y comienza el nuevo curso escolar, una nueva etapa para muchos de vosotros, pero desde <a href=\"https:\/\/www.instagram.com\/vida_verneda\/\" target=\"_blank\" rel=\"noopener\">Verneda Camping Mountain Resort<\/a> queremos seguir ofreciendo nuestra cara m\u00e1s amable y por supuesto, <strong>los mejores planes para seguir disfrutando de este maravilloso entorno en el que nos encontramos, la Val d\u2019Aran<\/strong>.<\/p>\n<p>Nuestros paisajes inician a te\u00f1irse de colores oto\u00f1ales, las hojas de los \u00e1rboles empiezan a caer para dar paso a una de las mejores \u00e9pocas para venir a disfrutar de nuestro para\u00edso pirineaico. Por eso, para todos aquellos viajeros que no hab\u00e9is podido disfrutar de vuestras vacaciones, os proponemos <strong>un descuento del 20% en nuestros acogedores bungalows de madera del 6 hasta el 10 de septiembre. <\/strong>Para ver la promoci\u00f3n pod\u00e9is hacer <a href=\"https:\/\/thelisresa.webcamp.fr\/list.php?camping=verneda&amp;track=3182020&amp;type=2&amp;typelocation=2&amp;nb_pers=0&amp;begin=2020-09-06&amp;end=2020-09-10&amp;duration=4&amp;beginType=0&amp;tolerance=2&amp;lang=es&amp;fbclid=IwAR1zzNxvbZAHxCCstrPnjbWGw42RNwoPelyh-0NkuxEWy9pkbtk263Gy6r8&amp;PHPSESSID=0jpn4i30qn0o0t47puhemlqptc\" target=\"_blank\" rel=\"noopener\">click aqu\u00ed<\/a>.<\/p>\n<p>Esc\u00e1pate, rec\u00e1rgate de naturaleza y conecta con tu familia y amigos\/as en nuestro valle de valles.<\/p>\n","protected":false},"excerpt":{"rendered":"<p>Terminamos un verano que comenzamos con muchas dudas y demasiada incertidumbre, pero que finaliza con el mejor sabor de boca. Un verano repleto de buenos [&hellip;]<\/p>\n","protected":false},"author":1,"featured_media":3535,"comment_status":"open","ping_status":"open","sticky":false,"template":"","format":"standard","meta":[],"categories":[69],"tags":[511,997,546,696,13,1161],"_links":{"self":[{"href":"https:\/\/www.campingverneda.com\/blog\/wp-json\/wp\/v2\/posts\/3533"}],"collection":[{"href":"https:\/\/www.campingverneda.com\/blog\/wp-json\/wp\/v2\/posts"}],"about":[{"href":"https:\/\/www.campingverneda.com\/blog\/wp-json\/wp\/v2\/types\/post"}],"author":[{"embeddable":true,"href":"https:\/\/www.campingverneda.com\/blog\/wp-json\/wp\/v2\/users\/1"}],"replies":[{"embeddable":true,"href":"https:\/\/www.campingverneda.com\/blog\/wp-json\/wp\/v2\/comments?post=3533"}],"version-history":[{"count":13,"href":"https:\/\/www.campingverneda.com\/blog\/wp-json\/wp\/v2\/posts\/3533\/revisions"}],"predecessor-version":[{"id":3549,"href":"https:\/\/www.campingverneda.com\/blog\/wp-json\/wp\/v2\/posts\/3533\/revisions\/3549"}],"wp:featuredmedia":[{"embeddable":true,"href":"https:\/\/www.campingverneda.com\/blog\/wp-json\/wp\/v2\/media\/3535"}],"wp:attachment":[{"href":"https:\/\/www.campingverneda.com\/blog\/wp-json\/wp\/v2\/media?parent=3533"}],"wp:term":[{"taxonomy":"category","embeddable":true,"href":"https:\/\/www.campingverneda.com\/blog\/wp-json\/wp\/v2\/categories?post=3533"},{"taxonomy":"post_tag","embeddable":true,"href":"https:\/\/www.campingverneda.com\/blog\/wp-json\/wp\/v2\/tags?post=3533"}],"curies":[{"name":"wp","href":"https:\/\/api.w.org\/{rel}","templated":true}]}}