{"id":3520,"date":"2020-07-15T11:24:35","date_gmt":"2020-07-15T11:24:35","guid":{"rendered":"http:\/\/www.campingverneda.com\/blog\/?p=3520"},"modified":"2020-10-08T13:33:29","modified_gmt":"2020-10-08T13:33:29","slug":"paseos-familiares-con-perros-en-la-val-daran","status":"publish","type":"post","link":"https:\/\/www.campingverneda.com\/blog\/2020\/07\/15\/paseos-familiares-con-perros-en-la-val-daran\/","title":{"rendered":"Paseos familiares con perros en la Val d&#8217;Aran"},"content":{"rendered":"<div id=\"attachment_3521\" style=\"width: 592px\" class=\"wp-caption alignright\"><a href=\"http:\/\/www.campingverneda.com\/blog\/2020\/07\/15\/paseos-familiares-con-perros-en-la-val-daran\/verneda-camping-mountain_resort-pet-friendly\/\" rel=\"attachment wp-att-3521\"><img aria-describedby=\"caption-attachment-3521\" decoding=\"async\" loading=\"lazy\" class=\" wp-image-3521\" src=\"http:\/\/www.campingverneda.com\/blog\/wp-content\/uploads\/2020\/07\/verneda-camping-mountain_resort-pet-friendly.jpg\" alt=\"\" width=\"582\" height=\"436\" srcset=\"https:\/\/www.campingverneda.com\/blog\/wp-content\/uploads\/2020\/07\/verneda-camping-mountain_resort-pet-friendly-200x150.jpg 200w, https:\/\/www.campingverneda.com\/blog\/wp-content\/uploads\/2020\/07\/verneda-camping-mountain_resort-pet-friendly-300x225.jpg 300w, https:\/\/www.campingverneda.com\/blog\/wp-content\/uploads\/2020\/07\/verneda-camping-mountain_resort-pet-friendly-400x300.jpg 400w, https:\/\/www.campingverneda.com\/blog\/wp-content\/uploads\/2020\/07\/verneda-camping-mountain_resort-pet-friendly-600x450.jpg 600w, https:\/\/www.campingverneda.com\/blog\/wp-content\/uploads\/2020\/07\/verneda-camping-mountain_resort-pet-friendly-768x576.jpg 768w, https:\/\/www.campingverneda.com\/blog\/wp-content\/uploads\/2020\/07\/verneda-camping-mountain_resort-pet-friendly-800x600.jpg 800w, https:\/\/www.campingverneda.com\/blog\/wp-content\/uploads\/2020\/07\/verneda-camping-mountain_resort-pet-friendly-1024x768.jpg 1024w, https:\/\/www.campingverneda.com\/blog\/wp-content\/uploads\/2020\/07\/verneda-camping-mountain_resort-pet-friendly.jpg 1200w\" sizes=\"(max-width: 582px) 100vw, 582px\" \/><\/a><p id=\"caption-attachment-3521\" class=\"wp-caption-text\">Paseo con perros por los pueblos de Lairissa<\/p><\/div>\n<p>Verneda Camping Mountain Resort es un alojamiento petfriendly, as\u00ed que pasar tus vacaciones de verano con tus perros es una realidad en este valle de valles en medio de los Pirineos.<\/p>\n<p>Adem\u00e1s de contar con unas amplias instalaciones para sus paseos, tambi\u00e9n tenemos acceso directo al Camin Reiau (en aran\u00e9s) o Camino Real, <a href=\"https:\/\/www.campingverneda.com\/camin-reiau\" target=\"_blank\" rel=\"noopener\"><strong>el camino que une a los pueblos de la Val d\u2019Aran<\/strong><\/a>, sin desnivel por nuestro paso y que es perfecto para familias con ni\u00f1os\/as peque\u00f1os\/as, tanto caminando como en bici.<\/p>\n<p>Pero para que conozcas algunas de las <a href=\"https:\/\/www.campingverneda.com\/entorno\" target=\"_blank\" rel=\"noopener\">buenas opciones que hay en el Valle de Aran<\/a> si vienes con perro, aqu\u00ed os dejamos algunas buenas rutas para descubrir en familia:<\/p>\n<p><strong>El C\u00f2th de Baretja.<\/strong><\/p>\n<p>Aqu\u00ed ten\u00e9is dos opciones: o bien dejar el coche en la entrada de la pista del C\u00f2th de Baretja, justo en la carretera el Portilhon y subir caminando a trav\u00e9s del bosque de abetos centenarios (1h 30mins aproximadamente), o bien subir la pista en coche hasta el parking y caminar 10 minutos hasta el C\u00f2th de Baretja (1.752m de altitud).<br \/>\nDesde el mirador podr\u00e9is vislumbrar una de las mejores panor\u00e1micas del Pirineo aran\u00e9s, aragon\u00e9s y franc\u00e9s.<\/p>\n<p><strong>Montgarri.<\/strong><br \/>\nRuta circular de 10,6 km de longitud que recorre el r\u00edo Noguera Pallaresa desde su nacimiento en el Pla de Beret hasta el santuario de Montgarri. Una vez llegu\u00e9is a Montgarri, tanto los papis y mamis como los\/as ni\u00f1os\/as y los perretes podr\u00e9is ba\u00f1aros en el r\u00edo y encontrar las pozas escondidas que son perfectas para saltar y pasar los mejores momentos en familia.<\/p>\n<p><strong>Subir al Montcorbison.<\/strong><br \/>\nEl Montcorbison es la monta\u00f1a que corona la capital de la Val d\u2019Aran por excelencia. La ruta comienza desde el maravilloso enclave de la Bassa d&#8217;Oles. \u00a1La mejor excursi\u00f3n para los que quieren disfrutar de la monta\u00f1a en su pura esencia!<\/p>\n<p>En nuestra recepci\u00f3n puedes consultarnos para <a href=\"https:\/\/www.instagram.com\/vida_verneda\/\" target=\"_blank\" rel=\"noopener\">visitar otras buenas rutas<\/a>, y os asesoramos seg\u00fan nivel de dificultad.<br \/>\nOs aconsejamos descargaros la <a href=\"https:\/\/apps.apple.com\/es\/app\/val-daran\/id946111770\" target=\"_blank\" rel=\"noopener\">APP de Val d\u2019Aran en vuestro m\u00f3vil<\/a> en la que podr\u00e9is consultar los principales itinerarios y puntos de inter\u00e9s de la Val d\u2019Aran. \u00a1Este verano siente los Pirineos!<\/p>\n","protected":false},"excerpt":{"rendered":"<p>Verneda Camping Mountain Resort es un alojamiento petfriendly, as\u00ed que pasar tus vacaciones de verano con tus perros es una realidad en este valle de [&hellip;]<\/p>\n","protected":false},"author":1,"featured_media":3522,"comment_status":"open","ping_status":"open","sticky":false,"template":"","format":"standard","meta":[],"categories":[70],"tags":[856,500,91,1153,1152,51,546,713,11,696,1155,1156,1154,318,552,627,818],"_links":{"self":[{"href":"https:\/\/www.campingverneda.com\/blog\/wp-json\/wp\/v2\/posts\/3520"}],"collection":[{"href":"https:\/\/www.campingverneda.com\/blog\/wp-json\/wp\/v2\/posts"}],"about":[{"href":"https:\/\/www.campingverneda.com\/blog\/wp-json\/wp\/v2\/types\/post"}],"author":[{"embeddable":true,"href":"https:\/\/www.campingverneda.com\/blog\/wp-json\/wp\/v2\/users\/1"}],"replies":[{"embeddable":true,"href":"https:\/\/www.campingverneda.com\/blog\/wp-json\/wp\/v2\/comments?post=3520"}],"version-history":[{"count":3,"href":"https:\/\/www.campingverneda.com\/blog\/wp-json\/wp\/v2\/posts\/3520\/revisions"}],"predecessor-version":[{"id":3525,"href":"https:\/\/www.campingverneda.com\/blog\/wp-json\/wp\/v2\/posts\/3520\/revisions\/3525"}],"wp:featuredmedia":[{"embeddable":true,"href":"https:\/\/www.campingverneda.com\/blog\/wp-json\/wp\/v2\/media\/3522"}],"wp:attachment":[{"href":"https:\/\/www.campingverneda.com\/blog\/wp-json\/wp\/v2\/media?parent=3520"}],"wp:term":[{"taxonomy":"category","embeddable":true,"href":"https:\/\/www.campingverneda.com\/blog\/wp-json\/wp\/v2\/categories?post=3520"},{"taxonomy":"post_tag","embeddable":true,"href":"https:\/\/www.campingverneda.com\/blog\/wp-json\/wp\/v2\/tags?post=3520"}],"curies":[{"name":"wp","href":"https:\/\/api.w.org\/{rel}","templated":true}]}}