{"id":3512,"date":"2020-07-05T08:05:55","date_gmt":"2020-07-05T08:05:55","guid":{"rendered":"http:\/\/www.campingverneda.com\/blog\/?p=3512"},"modified":"2020-09-03T16:48:43","modified_gmt":"2020-09-03T16:48:43","slug":"verano-modo-on-a-lo-vidaverneda","status":"publish","type":"post","link":"https:\/\/www.campingverneda.com\/blog\/2020\/07\/05\/verano-modo-on-a-lo-vidaverneda\/","title":{"rendered":"Verano modo ON a lo #VIDAVerneda"},"content":{"rendered":"<div id=\"attachment_3514\" style=\"width: 423px\" class=\"wp-caption alignright\"><a href=\"http:\/\/www.campingverneda.com\/blog\/2020\/07\/05\/verano-modo-on-a-lo-vidaverneda\/verneda-camping-familia-val-d-aran\/\" rel=\"attachment wp-att-3514\"><img aria-describedby=\"caption-attachment-3514\" decoding=\"async\" loading=\"lazy\" class=\" wp-image-3514\" src=\"http:\/\/www.campingverneda.com\/blog\/wp-content\/uploads\/2020\/07\/verneda-camping-familia-val-d-aran.jpg\" alt=\"Vefneda Camping Mountain Resort\" width=\"413\" height=\"551\" srcset=\"https:\/\/www.campingverneda.com\/blog\/wp-content\/uploads\/2020\/07\/verneda-camping-familia-val-d-aran-200x267.jpg 200w, https:\/\/www.campingverneda.com\/blog\/wp-content\/uploads\/2020\/07\/verneda-camping-familia-val-d-aran-225x300.jpg 225w, https:\/\/www.campingverneda.com\/blog\/wp-content\/uploads\/2020\/07\/verneda-camping-familia-val-d-aran-400x533.jpg 400w, https:\/\/www.campingverneda.com\/blog\/wp-content\/uploads\/2020\/07\/verneda-camping-familia-val-d-aran-600x800.jpg 600w, https:\/\/www.campingverneda.com\/blog\/wp-content\/uploads\/2020\/07\/verneda-camping-familia-val-d-aran-768x1024.jpg 768w, https:\/\/www.campingverneda.com\/blog\/wp-content\/uploads\/2020\/07\/verneda-camping-familia-val-d-aran-800x1067.jpg 800w, https:\/\/www.campingverneda.com\/blog\/wp-content\/uploads\/2020\/07\/verneda-camping-familia-val-d-aran.jpg 1200w\" sizes=\"(max-width: 413px) 100vw, 413px\" \/><\/a><p id=\"caption-attachment-3514\" class=\"wp-caption-text\">Familias felices a lo #VIDAVerneda<\/p><\/div>\n<p>Ya estamos en estas fechas que tanto nos gustan. El verano ha llegado a la Val d\u2019Aran y desde <a href=\"https:\/\/www.facebook.com\/VernedaCampingMountainResort\/\" target=\"_blank\" rel=\"noopener\">Verneda Camping Mountain Resort<\/a> tenemos un mont\u00f3n de <strong>buenos planes para familias y amigos<\/strong>, siempre manteniendo todas las medidas preventivas decretadas en esta \u2018nueva normalidad\u2019.<\/p>\n<p>Los que nos conoc\u00e9is ya sab\u00e9is a lo que nos referimos cuando hablamos de #VIDAVerneda, para los que todav\u00eda no hab\u00e9is venido a <strong>este rinc\u00f3n entre las monta\u00f1as de los Pirineos<\/strong>, aqu\u00ed os dejamos un <strong>listado de buenas razones para visitarnos y gozar de unos d\u00edas en plena Naturaleza<\/strong>:<\/p>\n<p>\u00b7 <strong>Alojamiento en bungalows de madera, acampada y espacio para furgoneteros y campers<\/strong>.<br \/>\nAqu\u00ed hay espacio para todos, y este a\u00f1o hemos ampliado el tama\u00f1o de las parcelas, por lo que ahora las sensaciones de libertad y seguridad est\u00e1n m\u00e1s que garantizadas.<\/p>\n<p>\u00b7 <strong>Somos petfriendly<\/strong>.<br \/>\nNos gustan los animales, as\u00ed que si viajas con tu mascota por el Pirineo, Verneda Camping Mountain Resort se presenta como tu mejor opci\u00f3n para disfrutar de los d\u00edas libres con la familia al completo.<\/p>\n<p>\u00b7 <strong>Restaurante para todos los d\u00edas<\/strong>.<br \/>\nSi quieres descansar unos d\u00edas de cocinar, en nuestro restaurante tienes una carta variada (enlace carta) para que mayores y peque\u00f1os coman rico y saludable, y que las vacaciones sean de descanso real para toda la familia. Este verano es imprescindible <strong>realizar reserva previa<\/strong> en nuestro restaurante, pero tambi\u00e9n ofrecemos un servicio de <em><strong>take away<\/strong><\/em> para que pod\u00edais disfrutar de nuestros platos desde vuestras parcelas.<\/p>\n<p>\u00b7 <strong>Piscina para todos\/as<\/strong>.<br \/>\nLa piscina salinizada es nuestra protagonista ya que est\u00e1 climatizada y no tiene cloro, as\u00ed que<a href=\"https:\/\/www.instagram.com\/p\/CBxbqYUHsxL\/\" target=\"_blank\" rel=\"noopener\"> la diversi\u00f3n a remojo es un cl\u00e1sico de nuestras vacaciones<\/a> de verano.<\/p>\n<p>\u00b7 <strong>Animaci\u00f3n infantil<\/strong>.<br \/>\nPuedes preguntar en recepci\u00f3n sobre nuestros buenos planes para los y las peques de la casa. Talleres y juegos para hacer amigos nuevos mientras aprenden a cuidar la Naturaleza que nos rodea.<\/p>\n<p>Este verano conecta con tus personas favoritas en plena Naturaleza. \u00a1Vive el verano a lo #VIDAVerneda!<\/p>\n","protected":false},"excerpt":{"rendered":"<p>Ya estamos en estas fechas que tanto nos gustan. El verano ha llegado a la Val d\u2019Aran y desde Verneda Camping Mountain Resort tenemos un [&hellip;]<\/p>\n","protected":false},"author":1,"featured_media":3513,"comment_status":"open","ping_status":"open","sticky":false,"template":"","format":"standard","meta":[],"categories":[1,70,72],"tags":[1151,856,500,91,51,713,11,818],"_links":{"self":[{"href":"https:\/\/www.campingverneda.com\/blog\/wp-json\/wp\/v2\/posts\/3512"}],"collection":[{"href":"https:\/\/www.campingverneda.com\/blog\/wp-json\/wp\/v2\/posts"}],"about":[{"href":"https:\/\/www.campingverneda.com\/blog\/wp-json\/wp\/v2\/types\/post"}],"author":[{"embeddable":true,"href":"https:\/\/www.campingverneda.com\/blog\/wp-json\/wp\/v2\/users\/1"}],"replies":[{"embeddable":true,"href":"https:\/\/www.campingverneda.com\/blog\/wp-json\/wp\/v2\/comments?post=3512"}],"version-history":[{"count":4,"href":"https:\/\/www.campingverneda.com\/blog\/wp-json\/wp\/v2\/posts\/3512\/revisions"}],"predecessor-version":[{"id":3518,"href":"https:\/\/www.campingverneda.com\/blog\/wp-json\/wp\/v2\/posts\/3512\/revisions\/3518"}],"wp:featuredmedia":[{"embeddable":true,"href":"https:\/\/www.campingverneda.com\/blog\/wp-json\/wp\/v2\/media\/3513"}],"wp:attachment":[{"href":"https:\/\/www.campingverneda.com\/blog\/wp-json\/wp\/v2\/media?parent=3512"}],"wp:term":[{"taxonomy":"category","embeddable":true,"href":"https:\/\/www.campingverneda.com\/blog\/wp-json\/wp\/v2\/categories?post=3512"},{"taxonomy":"post_tag","embeddable":true,"href":"https:\/\/www.campingverneda.com\/blog\/wp-json\/wp\/v2\/tags?post=3512"}],"curies":[{"name":"wp","href":"https:\/\/api.w.org\/{rel}","templated":true}]}}