{"id":3366,"date":"2019-11-22T13:58:26","date_gmt":"2019-11-22T13:58:26","guid":{"rendered":"http:\/\/www.campingverneda.com\/blog\/?p=3366"},"modified":"2020-01-14T14:44:27","modified_gmt":"2020-01-14T14:44:27","slug":"3366","status":"publish","type":"post","link":"https:\/\/www.campingverneda.com\/blog\/2019\/11\/22\/3366\/","title":{"rendered":"Organiza tus escapadas de diciembre a la nieve"},"content":{"rendered":"<p>El a\u00f1o se termina, pero ya ha empezado una de las \u00e9pocas del a\u00f1o m\u00e1s caracter\u00edsticas de la Val d\u2019Aran, <strong>el invierno<\/strong>. Esa temporada en la que las temperaturas bajan, sacamos del armario la bufandas y los guantes, adem\u00e1s de disfrutar m\u00e1s que nunca los platos de comida calientes.<\/p>\n<p>Pero sobre todo, <strong>el elemento diferencial de este per\u00edodo es la nieve<\/strong>. Ese manto blanco que cubre nuestras monta\u00f1as y bosques, d\u00e1ndonos la oportunidad de deslizarnos encima de ella <strong>practicando infinidad de actividades deportivas<\/strong>.<\/p>\n<p>Siendo estas, el <strong>motivo perfecto para acercarnos a la naturaleza y vivir una experiencia de monta\u00f1a<\/strong>. Para ello, <strong>os proponemos que marqu\u00e9is la x en la Val d\u2019Aran <\/strong>para vuestra vacaciones de invierno. Nuestra sugerencia es que pas\u00e9is vuestras navidades en un <strong>espacio privilegiado<\/strong>, rodeado de barreras naturales que <strong>os aislar\u00e1n del movimiento fren\u00e9tico de la gran ciudad<\/strong>.<\/p>\n<p><a href=\"http:\/\/www.campingverneda.com\/blog\/2019\/11\/22\/3366\/verneda-mountain-resort-diciembre-descuento-nieve\/\" rel=\"attachment wp-att-3372\"><img decoding=\"async\" loading=\"lazy\" class=\"wp-image-3372 alignleft\" src=\"http:\/\/www.campingverneda.com\/blog\/wp-content\/uploads\/2019\/11\/verneda-mountain-resort-diciembre-descuento-nieve.jpg\" alt=\"\" width=\"405\" height=\"607\" srcset=\"https:\/\/www.campingverneda.com\/blog\/wp-content\/uploads\/2019\/11\/verneda-mountain-resort-diciembre-descuento-nieve-200x300.jpg 200w, https:\/\/www.campingverneda.com\/blog\/wp-content\/uploads\/2019\/11\/verneda-mountain-resort-diciembre-descuento-nieve-400x599.jpg 400w, https:\/\/www.campingverneda.com\/blog\/wp-content\/uploads\/2019\/11\/verneda-mountain-resort-diciembre-descuento-nieve-600x899.jpg 600w, https:\/\/www.campingverneda.com\/blog\/wp-content\/uploads\/2019\/11\/verneda-mountain-resort-diciembre-descuento-nieve-683x1024.jpg 683w, https:\/\/www.campingverneda.com\/blog\/wp-content\/uploads\/2019\/11\/verneda-mountain-resort-diciembre-descuento-nieve-768x1151.jpg 768w, https:\/\/www.campingverneda.com\/blog\/wp-content\/uploads\/2019\/11\/verneda-mountain-resort-diciembre-descuento-nieve-800x1199.jpg 800w, https:\/\/www.campingverneda.com\/blog\/wp-content\/uploads\/2019\/11\/verneda-mountain-resort-diciembre-descuento-nieve.jpg 1200w\" sizes=\"(max-width: 405px) 100vw, 405px\" \/><\/a><\/p>\n<p>Desde <a href=\"https:\/\/www.campingverneda.com\/bungalows\" target=\"_blank\" rel=\"noopener\">Verneda Camping Mountain Resort<\/a> te proponemos l<strong>as mejores ofertas y promociones para que vengas a conocer el territorio aran\u00e9s<\/strong>, donde podr\u00e9is disfrutar de la cultura propia de la zona, as\u00ed como su distinguida gastronom\u00eda, y sus maravillosos entornos naturales de postal.<\/p>\n<p>As\u00ed, os presentamos las <strong>promociones de diciembre<\/strong>:<\/p>\n<p>1- <strong>Ven a la nieve este puente del 5 al 8 de diciembre y revive el invierno con un 20% descuento en nuestros bungalows<\/strong>. <a href=\"https:\/\/thelisresa.webcamp.fr\/list.php?camping=verneda&amp;track=19112019&amp;type=2&amp;typelocation=2&amp;nb_pers=0&amp;begin=2019-12-05&amp;end=2019-12-08&amp;duration=3&amp;beginType=0&amp;tolerance=0&amp;lang=es&amp;PHPSESSID=s827lfnmnjh5ksnmo189ilsbh1\" target=\"_blank\" rel=\"noopener\">Aqu\u00ed puedes ver la promoci\u00f3n y los alojamientos a los que se aplica el descuento<\/a>.<\/p>\n<p>2- <strong>Aprovecha los fines de semana prenavide\u00f1os para coleccionar momentos con tus personas favoritas<\/strong>. Los fines de semana de 13 al 15, y del 20 22 de diciembre siente la magia del invierno con un <strong>10% descuento<\/strong> (estancia m\u00ednima 2 noches) en Humarau, Cabana y Bordeta Luxe. \u00a1<a href=\"https:\/\/thelisresa.webcamp.fr\/list.php?camping=verneda&amp;track=20112019&amp;type=2&amp;typelocation=0&amp;nb_pers=0&amp;begin=2019-12-13&amp;end=2019-12-15&amp;duration=2&amp;beginType=0&amp;tolerance=0&amp;lang=es&amp;PHPSESSID=8s5rg3k6bjmgfl70qhhceui6e1\" target=\"_blank\" rel=\"noopener\">Reserva aqu\u00ed tu planazo de invierno<\/a>!<\/p>\n<p>Si quer\u00e9is m\u00e1s informaci\u00f3n acerca de estas promociones, o nuevas propuestas que puedan llegar en el futuro, <a href=\"https:\/\/campingverneda.us3.list-manage.com\/subscribe\/post?u=9d708a8e47e0db48e809a921d&amp;id=639131a2c2\" target=\"_blank\" rel=\"noopener\">subscr\u00edbete a nuestra newsletter<\/a> para recibir informaci\u00f3n personalizada seg\u00fan tus preferencias de b\u00fasqueda.<\/p>\n<p>\u00a1Organiza tu invierno a lo #VIDAVerneda!<\/p>\n","protected":false},"excerpt":{"rendered":"<p>Las mejores promociones de diciembre para una escapada a la nieve en los Pirineos con la familia. \u00a1Y se admiten mascotas!<\/p>\n","protected":false},"author":1,"featured_media":3370,"comment_status":"open","ping_status":"open","sticky":false,"template":"","format":"standard","meta":[],"categories":[73,70,72],"tags":[890,1070,546,713,1081,874,1080,911,552,1020,818],"_links":{"self":[{"href":"https:\/\/www.campingverneda.com\/blog\/wp-json\/wp\/v2\/posts\/3366"}],"collection":[{"href":"https:\/\/www.campingverneda.com\/blog\/wp-json\/wp\/v2\/posts"}],"about":[{"href":"https:\/\/www.campingverneda.com\/blog\/wp-json\/wp\/v2\/types\/post"}],"author":[{"embeddable":true,"href":"https:\/\/www.campingverneda.com\/blog\/wp-json\/wp\/v2\/users\/1"}],"replies":[{"embeddable":true,"href":"https:\/\/www.campingverneda.com\/blog\/wp-json\/wp\/v2\/comments?post=3366"}],"version-history":[{"count":8,"href":"https:\/\/www.campingverneda.com\/blog\/wp-json\/wp\/v2\/posts\/3366\/revisions"}],"predecessor-version":[{"id":3379,"href":"https:\/\/www.campingverneda.com\/blog\/wp-json\/wp\/v2\/posts\/3366\/revisions\/3379"}],"wp:featuredmedia":[{"embeddable":true,"href":"https:\/\/www.campingverneda.com\/blog\/wp-json\/wp\/v2\/media\/3370"}],"wp:attachment":[{"href":"https:\/\/www.campingverneda.com\/blog\/wp-json\/wp\/v2\/media?parent=3366"}],"wp:term":[{"taxonomy":"category","embeddable":true,"href":"https:\/\/www.campingverneda.com\/blog\/wp-json\/wp\/v2\/categories?post=3366"},{"taxonomy":"post_tag","embeddable":true,"href":"https:\/\/www.campingverneda.com\/blog\/wp-json\/wp\/v2\/tags?post=3366"}],"curies":[{"name":"wp","href":"https:\/\/api.w.org\/{rel}","templated":true}]}}