{"id":3345,"date":"2019-11-05T10:54:15","date_gmt":"2019-11-05T10:54:15","guid":{"rendered":"http:\/\/www.campingverneda.com\/blog\/?p=3345"},"modified":"2019-12-03T09:09:28","modified_gmt":"2019-12-03T09:09:28","slug":"rutas-recomendadas-para-otono","status":"publish","type":"post","link":"https:\/\/www.campingverneda.com\/blog\/2019\/11\/05\/rutas-recomendadas-para-otono\/","title":{"rendered":"Rutas recomendadas para oto\u00f1o"},"content":{"rendered":"<p><b>El oto\u00f1o llega a la Val d\u2019Aran<\/b> y trae consigo el cambio de temperatura, preparando el terreno ya para el invierno. Los frondosos bosques del territorio adoptan un pigmento casta\u00f1o en sus ropajes. Las hojas de sus \u00e1rboles van cayendo al suelo, cubriendo los caminos y senderos de montones de cojines naturales.<\/p>\n<p>Esta \u00e9poca del a\u00f1o nos presenta <b>la oportunidad de conocer una Val d\u2019Aran diferente<\/b>, vistiendo sus <b>entornos naturales de m\u00faltiples tonalidades<\/b> (verde, naranja, marr\u00f3n, rojo\u2026). Un baile de colores que no os pod\u00e9is perder. <span class=\"Apple-converted-space\">\u00a0<\/span><\/p>\n<p>Por este motivo, desde <a href=\"https:\/\/www.facebook.com\/VernedaCampingMountainResort\/\" target=\"_blank\" rel=\"noopener\">Verneda Camping Mountain Resort<\/a> hemos seleccionado <b>las mejores rutas de oto\u00f1o para disfrutar al m\u00e1ximo de vuestra experiencia de monta\u00f1a<\/b>. Eso s\u00ed, las hemos dividido en funci\u00f3n de la compa\u00f1\u00eda que mejor se adapte a cada una de ellas, por sus caracter\u00edsticas. Ahora s\u00ed, all\u00e1 vamos:<\/p>\n<p><b>\u00b7 Rutas en pareja:<\/b> Para los m\u00e1s rom\u00e1nticos, os aconsejamos perderos en los <b>bosques de Carlac. <\/b>Saliendo de<b> Bausen,<\/b> el \u00faltimo pueblo antes de Francia, accederemos al cobijado bosque a trav\u00e9s de un camino que os transportar\u00e1 a un<b> espacio m\u00e1gico, lleno de vida y misterio<\/b>.<\/p>\n<p><b>\u00b7Ruta con amigos\/as: <\/b>Para pasar un rato de risas y diversi\u00f3n con los colegas, ten\u00e9is la caminata hacia el <b>Santuario de Montgarri<\/b>. Partiendo del<b> Pla de Beret,<\/b> pasar\u00e9is por prados de alta monta\u00f1a y amplias zonas de pastos hasta llegar al Santuario. All\u00ed podr\u00e9is recargar fuerzas comiendo en su bar-restaurante antes de volver.<span class=\"Apple-converted-space\">\u00a0<\/span><\/p>\n<p><b>\u00b7Caminatas en familia con ni\u00f1os\/as peques<\/b>: La mejor forma de pasar un d\u00eda en familia es realizar una <b>peque\u00f1a excursi\u00f3n con los ni\u00f1os\/as por la Artiga de Lin.<\/b> De camino hacia los impresionantes paisajes del <b>Plan dera Artiga<\/b>, nos toparemos con las espl\u00e9ndidas fuentes de los <b>Uelhs deth Jo\u00e8u.<span class=\"Apple-converted-space\">\u00a0<\/span><\/b><\/p>\n<p><b>\u00b7Mascotas (Camin Reiau):<\/b> Como <b>ruta especialmente pensada para vuestros perretes,<\/b> donde podr\u00e1n jugar y disfrutar de la experiencia igual que vosotros, os proponemos <b>la primera etapa del Camin Reiau<\/b>. Una salida de 15 km que sale de <b>Vielha,<\/b> la capital de la Val d\u2019Aran, para dirigirse a <b>Salard\u00fa<\/b>. Este recorrido se realiza al lado del<b> r\u00edo Garona,<\/b> y atraviesa los bonitos pueblos de <b>Arties y Escunhau.<span class=\"Apple-converted-space\">\u00a0<\/span><\/b><\/p>\n<p>Podr\u00e9is ampliar esta informaci\u00f3n con el equipo de la recepci\u00f3n del camping. Nuestros\/as compa\u00f1eros\/as os asistir\u00e1n para encontrar la ruta que m\u00e1s se adapte a vuestras caracter\u00edsticas.<\/p>\n<p>\u00a1Descubre todas las caras de la Val d\u2019Aran!<\/p>\n","protected":false},"excerpt":{"rendered":"<p>El oto\u00f1o llega a la Val d\u2019Aran y trae consigo el cambio de temperatura, preparando el terreno ya para el invierno. Los frondosos bosques del [&hellip;]<\/p>\n","protected":false},"author":1,"featured_media":3353,"comment_status":"open","ping_status":"open","sticky":false,"template":"","format":"standard","meta":[],"categories":[1,71,129,72],"tags":[890,1070,1043,713,1081,874,1080,911,552,1020,818],"_links":{"self":[{"href":"https:\/\/www.campingverneda.com\/blog\/wp-json\/wp\/v2\/posts\/3345"}],"collection":[{"href":"https:\/\/www.campingverneda.com\/blog\/wp-json\/wp\/v2\/posts"}],"about":[{"href":"https:\/\/www.campingverneda.com\/blog\/wp-json\/wp\/v2\/types\/post"}],"author":[{"embeddable":true,"href":"https:\/\/www.campingverneda.com\/blog\/wp-json\/wp\/v2\/users\/1"}],"replies":[{"embeddable":true,"href":"https:\/\/www.campingverneda.com\/blog\/wp-json\/wp\/v2\/comments?post=3345"}],"version-history":[{"count":6,"href":"https:\/\/www.campingverneda.com\/blog\/wp-json\/wp\/v2\/posts\/3345\/revisions"}],"predecessor-version":[{"id":3358,"href":"https:\/\/www.campingverneda.com\/blog\/wp-json\/wp\/v2\/posts\/3345\/revisions\/3358"}],"wp:featuredmedia":[{"embeddable":true,"href":"https:\/\/www.campingverneda.com\/blog\/wp-json\/wp\/v2\/media\/3353"}],"wp:attachment":[{"href":"https:\/\/www.campingverneda.com\/blog\/wp-json\/wp\/v2\/media?parent=3345"}],"wp:term":[{"taxonomy":"category","embeddable":true,"href":"https:\/\/www.campingverneda.com\/blog\/wp-json\/wp\/v2\/categories?post=3345"},{"taxonomy":"post_tag","embeddable":true,"href":"https:\/\/www.campingverneda.com\/blog\/wp-json\/wp\/v2\/tags?post=3345"}],"curies":[{"name":"wp","href":"https:\/\/api.w.org\/{rel}","templated":true}]}}