{"id":3333,"date":"2019-10-22T10:41:11","date_gmt":"2019-10-22T10:41:11","guid":{"rendered":"http:\/\/www.campingverneda.com\/blog\/?p=3333"},"modified":"2019-12-03T09:11:31","modified_gmt":"2019-12-03T09:11:31","slug":"cerrado-por-vacaciones","status":"publish","type":"post","link":"https:\/\/www.campingverneda.com\/blog\/2019\/10\/22\/cerrado-por-vacaciones\/","title":{"rendered":"\u00a1Este mes de noviembre al\u00f3jate en una Cabana!"},"content":{"rendered":"<p>El buen tiempo y el solecito quedan ya atr\u00e1s. Ahora, <b>el baile de colores ha empezado en nuestros bosques<\/b>, ti\u00f1endo las hojas de los \u00e1rboles con diferentes tonalidades. <b>El oto\u00f1o se apodera de la Val d\u2019Aran.<span class=\"Apple-converted-space\">\u00a0<\/span><\/b><\/p>\n<p>Despu\u00e9s de pasarnos todo el a\u00f1o trabajando constantemente para ayudaros a vivir una experiencia \u00fanica de monta\u00f1a, nos llega el tiempo de descansar<b>. Durante el mes de noviembre <\/b><a href=\"https:\/\/www.facebook.com\/VernedaCampingMountainResort\/\" target=\"_blank\" rel=\"noopener\">Verneda Camping Mountain Resort<\/a> cierra parte de sus instalaciones a excepci\u00f3n de<b> nuestros bungalows Cabana que permanecer\u00e1n <a href=\"https:\/\/thelisresa.webcamp.fr\/list.php?camping=verneda&amp;track=31102019&amp;type=2&amp;typelocation=2&amp;nb_pers=0&amp;begin=2019-11-08&amp;end=2019-11-10&amp;duration=2&amp;beginType=0&amp;tolerance=0&amp;lang=es&amp;PHPSESSID=b38jg8kab6t85ikpu4mls98mao\" target=\"_blank\" rel=\"noopener\">abiertos todos los fines de semana de noviembre con una promoci\u00f3n del 10%<\/a>.<br \/>\n<\/b><\/p>\n<p>Un tiempo para recargar las pilas, para analizar las propuestas ofrecidas durante la \u00faltima temporada. Con esta pausa, dispondremos del <i>break<\/i> necesario para ordenar nuestras ideas y <b>cargar la mochila de nuevas actividades para haceros disfrutar a tope de la #VidaVerneda. <\/b><span class=\"Apple-converted-space\">\u00a0<\/span><\/p>\n<p>Despu\u00e9s de este tiempo de reposo <b>abriremos de nuevo nuestras puertas en diciembre, pero solo estar\u00e1n disponibles las plazas de los bungalows<\/b>. A parte de la recepci\u00f3n, para recibiros y entregaros la informaci\u00f3n necesaria para exprimir al m\u00e1ximo vuestra estancia, los dem\u00e1s servicios permanecer\u00e1n cerrados.<span class=\"Apple-converted-space\">\u00a0<\/span><\/p>\n<p>A\u00fan as\u00ed, la opci\u00f3n propuesta os permitir\u00e1 visitar el territorio aran\u00e9s en un periodo del a\u00f1o muy especial. Los espacios naturales y sus paisajes cambian sus reglas de juego orquestados por una fuerza temporal, definiendo un entorno cargado de magia y misterio.<span class=\"Apple-converted-space\">\u00a0<\/span><\/p>\n<p>Una vez pasado este periodo de introducci\u00f3n, iremos implementando y poniendo en funcionamiento las instalaciones y servicios restantes. Esperando la llegada de la nueva temporada invernal, prepararemos nuestro recinto para recibir vuestra llegada con la mejor de nuestras intenciones y nuestra mayor sonrisa.<span class=\"Apple-converted-space\">\u00a0<\/span><\/p>\n<p>Si quer\u00e9is m\u00e1s informaci\u00f3n a cerca de nuestra programaci\u00f3n de cierre y apertura, para as\u00ed poder planificar vuestras vacaciones, dejamos a vuestra disposici\u00f3n nuestro correo electr\u00f3nico, <a href=\"mailto:info@campingverneda.com\">info@campingverneda.com<\/a>, y el tel\u00e9fono de contacto, (+34) 973 641 024. <span class=\"Apple-converted-space\">\u00a0<\/span><\/p>\n<p>\u00a1Os esperamos!<span class=\"Apple-converted-space\">\u00a0<\/span><\/p>\n","protected":false},"excerpt":{"rendered":"<p>El buen tiempo y el solecito quedan ya atr\u00e1s. Ahora, el baile de colores ha empezado en nuestros bosques, ti\u00f1endo las hojas de los \u00e1rboles [&hellip;]<\/p>\n","protected":false},"author":1,"featured_media":3334,"comment_status":"open","ping_status":"open","sticky":false,"template":"","format":"standard","meta":[],"categories":[1,69],"tags":[890,1070,1043,713,1081,874,1080,911,552,1020,818],"_links":{"self":[{"href":"https:\/\/www.campingverneda.com\/blog\/wp-json\/wp\/v2\/posts\/3333"}],"collection":[{"href":"https:\/\/www.campingverneda.com\/blog\/wp-json\/wp\/v2\/posts"}],"about":[{"href":"https:\/\/www.campingverneda.com\/blog\/wp-json\/wp\/v2\/types\/post"}],"author":[{"embeddable":true,"href":"https:\/\/www.campingverneda.com\/blog\/wp-json\/wp\/v2\/users\/1"}],"replies":[{"embeddable":true,"href":"https:\/\/www.campingverneda.com\/blog\/wp-json\/wp\/v2\/comments?post=3333"}],"version-history":[{"count":4,"href":"https:\/\/www.campingverneda.com\/blog\/wp-json\/wp\/v2\/posts\/3333\/revisions"}],"predecessor-version":[{"id":3343,"href":"https:\/\/www.campingverneda.com\/blog\/wp-json\/wp\/v2\/posts\/3333\/revisions\/3343"}],"wp:featuredmedia":[{"embeddable":true,"href":"https:\/\/www.campingverneda.com\/blog\/wp-json\/wp\/v2\/media\/3334"}],"wp:attachment":[{"href":"https:\/\/www.campingverneda.com\/blog\/wp-json\/wp\/v2\/media?parent=3333"}],"wp:term":[{"taxonomy":"category","embeddable":true,"href":"https:\/\/www.campingverneda.com\/blog\/wp-json\/wp\/v2\/categories?post=3333"},{"taxonomy":"post_tag","embeddable":true,"href":"https:\/\/www.campingverneda.com\/blog\/wp-json\/wp\/v2\/tags?post=3333"}],"curies":[{"name":"wp","href":"https:\/\/api.w.org\/{rel}","templated":true}]}}