{"id":3329,"date":"2019-10-15T10:38:32","date_gmt":"2019-10-15T10:38:32","guid":{"rendered":"http:\/\/www.campingverneda.com\/blog\/?p=3329"},"modified":"2019-10-15T10:38:32","modified_gmt":"2019-10-15T10:38:32","slug":"la-historia-del-rio-garona","status":"publish","type":"post","link":"https:\/\/www.campingverneda.com\/blog\/2019\/10\/15\/la-historia-del-rio-garona\/","title":{"rendered":"La historia del r\u00edo Garona"},"content":{"rendered":"<p>El <b>r\u00edo Garona<\/b> <b>es el caudal m\u00e1s importante de la Val d\u2019Aran<\/b>, lugar donde nace, y uno de los <b>grandes r\u00edos del oeste de Europa<\/b>. Este nace en el<b> Pla de Beret<\/b>, a unos 1800 metros de altura, y discurre a lo largo de todo el territorio aran\u00e9s, pasando por delante de nuestro camping. Desemboca en Francia, concretamente en <b>Burdeos<\/b>, concluyendo su camino en las aguas del <b>oc\u00e9ano atl\u00e1ntico.<\/b><span class=\"Apple-converted-space\">\u00a0<\/span><\/p>\n<p>Este r\u00edo es uno de los pilares b\u00e1sicos para entender el <b>desarrollo del pueblo aran\u00e9s<\/b>, <b>sus costumbres y formas de entender la vida<span class=\"Apple-converted-space\">\u00a0 <\/span>a lo largo de la historia.<\/b> No podemos hablar de pobladores reales del territorio hasta la <b>explosi\u00f3n del Neol\u00edtico, con la llegada de la agricultura y la <i>ramaderia<\/i><\/b>. Esta aparici\u00f3n foment\u00f3 el establecimiento de poblados a lo largo de la Val d\u2019Aran, siguiendo siempre la senda del r\u00edo Garona. <span class=\"Apple-converted-space\">\u00a0<\/span><\/p>\n<p>Las primeras gentes que empiezan a asentarse en la Val d\u2019Aran son <b>Celtas<\/b>, aportando sus ra\u00edces culturales a las tradiciones de la futura sociedad aranesa. Uno de sus s\u00edmbolos m\u00e1s importantes es el <b>aran\u00e9s<\/b>, lengua que surge como <b>variante del occitano, una mezcla entre el celta y el vasco.<span class=\"Apple-converted-space\">\u00a0<\/span><\/b><\/p>\n<p>Es en este punto donde el Garona toma su papel protagonista como elemento favorecedor de la <b>expansi\u00f3n de los habitantes de estas tierras<\/b>. En un inicio, se aprovecha la carga mineral y nutritiva del r\u00edo para<\/p>\n<p>hacer <b>prosperar las cosechas y los alimentos para el ganado.<\/b><\/p>\n<p>Despu\u00e9s con la llegada de la tecnolog\u00eda, se utiliza la fuerza motriz de sus aguas para <b>mover molinos que convierten el trigo en harina<\/b>. Gracias a esta innovaci\u00f3n, se mejora la elaboraci\u00f3n del pan, un producto b\u00e1sico dentro de la dieta hist\u00f3rica humana.<span class=\"Apple-converted-space\">\u00a0<\/span><\/p>\n<p>Con la <b>revoluci\u00f3n industrial<\/b>, llegan las primeras m\u00e1quinas industriales al Valle. Es entonces cuando se emplea la fuerza caudal del Riu Nere, un afluente del r\u00edo Garona, para <b>transformar lana natural en hilo<\/b>. Era F\u00e1birca dera Lan, f\u00e1brica ubicada en Vielha y actualmente convertida en museo, es una visita obligada para entender la influencia que tuvo esta industria en la cultura y costumbres de la zona.<span class=\"Apple-converted-space\">\u00a0<\/span><\/p>\n<p>Si quer\u00e9is conocer m\u00e1s acerca de la historia de la Val d\u2019Aran, y el papel que tuvo el rio Garona en su desarrollo, preguntar a nuestro staff de recepci\u00f3n en <a href=\"https:\/\/www.instagram.com\/vida_verneda\/\" target=\"_blank\" rel=\"noopener\">Verneda Camping Mountain Resort.<\/a> Ellos\/as os aconsejar\u00e1n c\u00f3mo profundizar, seg\u00fan vuestras inquietudes y gustos, en el descubrimiento de la historia y cultura del Valle.<span class=\"Apple-converted-space\">\u00a0<\/span><\/p>\n","protected":false},"excerpt":{"rendered":"<p>El r\u00edo Garona es el caudal m\u00e1s importante de la Val d\u2019Aran, lugar donde nace, y uno de los grandes r\u00edos del oeste de Europa. [&hellip;]<\/p>\n","protected":false},"author":1,"featured_media":3330,"comment_status":"open","ping_status":"open","sticky":false,"template":"","format":"standard","meta":[],"categories":[1],"tags":[890,1070,1043,713,1081,874,1080,911,552,1020,818],"_links":{"self":[{"href":"https:\/\/www.campingverneda.com\/blog\/wp-json\/wp\/v2\/posts\/3329"}],"collection":[{"href":"https:\/\/www.campingverneda.com\/blog\/wp-json\/wp\/v2\/posts"}],"about":[{"href":"https:\/\/www.campingverneda.com\/blog\/wp-json\/wp\/v2\/types\/post"}],"author":[{"embeddable":true,"href":"https:\/\/www.campingverneda.com\/blog\/wp-json\/wp\/v2\/users\/1"}],"replies":[{"embeddable":true,"href":"https:\/\/www.campingverneda.com\/blog\/wp-json\/wp\/v2\/comments?post=3329"}],"version-history":[{"count":1,"href":"https:\/\/www.campingverneda.com\/blog\/wp-json\/wp\/v2\/posts\/3329\/revisions"}],"predecessor-version":[{"id":3331,"href":"https:\/\/www.campingverneda.com\/blog\/wp-json\/wp\/v2\/posts\/3329\/revisions\/3331"}],"wp:featuredmedia":[{"embeddable":true,"href":"https:\/\/www.campingverneda.com\/blog\/wp-json\/wp\/v2\/media\/3330"}],"wp:attachment":[{"href":"https:\/\/www.campingverneda.com\/blog\/wp-json\/wp\/v2\/media?parent=3329"}],"wp:term":[{"taxonomy":"category","embeddable":true,"href":"https:\/\/www.campingverneda.com\/blog\/wp-json\/wp\/v2\/categories?post=3329"},{"taxonomy":"post_tag","embeddable":true,"href":"https:\/\/www.campingverneda.com\/blog\/wp-json\/wp\/v2\/tags?post=3329"}],"curies":[{"name":"wp","href":"https:\/\/api.w.org\/{rel}","templated":true}]}}