{"id":3326,"date":"2019-10-14T16:11:26","date_gmt":"2019-10-14T16:11:26","guid":{"rendered":"http:\/\/www.campingverneda.com\/blog\/?p=3326"},"modified":"2019-11-03T17:33:49","modified_gmt":"2019-11-03T17:33:49","slug":"cerramos-temporada-de-acampada","status":"publish","type":"post","link":"https:\/\/www.campingverneda.com\/blog\/2019\/10\/14\/cerramos-temporada-de-acampada\/","title":{"rendered":"\u00a1Gracias por otra temporada de acampada!"},"content":{"rendered":"<p>Este pasado<strong> 13 de octubre hemos finalizado la temporada de acampada de 2019<\/strong>, ahora que ya empieza el fr\u00edo nos despedimos de las tiendas de campa\u00f1a y las guardamos hasta la pr\u00f3xima primavera.<\/p>\n<p>Much\u00edsimas gracias a todos\/as los\/as que hab\u00e9is venido con vuestras tiendas de campa\u00f1a, caravanas, autocaravanas y campers a visitarnos desde primavera hasta estas fechas, en familia, con pareja y entre amigos\/as\u2026 \u00a1Muchas gracias! Cerramos esta temporada de camping en la Val d\u2019Aran con decenas de buenas an\u00e9cdotas, muchas risas y grandes recuerdos para siempre.<\/p>\n<p><strong>Hasta el pr\u00f3ximo 3 de noviembre pod\u00e9is venir a nuestros bungalows<\/strong>, calentitos, y con todas las comodidades para unas escapadas oto\u00f1ales a todo color, una de las estaciones m\u00e1s m\u00e1gicas de este lado de los Pirineos, cuando la Naturaleza que nos acoge se encuentra en plena transformaci\u00f3n.<\/p>\n<p>Despu\u00e9s, del 3 de noviembre al 3 de diciembre nuestras instalaciones permanecer\u00e1n cerradas, excepto <strong>nuestros<a href=\"https:\/\/www.campingverneda.com\/cabana\" target=\"_blank\" rel=\"noopener\"> bungalows Cabana<\/a>, que permanecer\u00e1n abiertos\u00a0 los fines de semana durante todo el mes de noviembre<\/strong>.<\/p>\n<p>\u00a1Ah! Y como novedad este a\u00f1o, va a estar la zona de las parcelas cerradas, pero mantenemos la opci\u00f3n de PERNOCTA junto al parking de recepci\u00f3n, sin servicios adicionales. De esta forma, puedes venir a la Val d\u2019Aran en furgoneta y\/o autocaravana, dormir en una zona segura, y poder vaciar las aguas grises, y llenar de agua. Una c\u00f3moda opci\u00f3n de pernoctaci\u00f3n en los Pirineos y muy cerca de la estaci\u00f3n de esqu\u00ed de Baqueira Beret.<\/p>\n<p>Os vamos informando semanalmente en el blog y en nuestras redes sociales de todos nuestros movimientos, promociones, y otra informaci\u00f3n de inter\u00e9s. \u00bfPlanes para este oto\u00f1o? #VIDAVernedamulticolorcolor<\/p>\n","protected":false},"excerpt":{"rendered":"<p>Este pasado 13 de octubre hemos finalizado la temporada de acampada de 2019, ahora que ya empieza el fr\u00edo nos despedimos de las tiendas de [&hellip;]<\/p>\n","protected":false},"author":1,"featured_media":3327,"comment_status":"open","ping_status":"open","sticky":false,"template":"","format":"standard","meta":[],"categories":[1],"tags":[888,658,91,51,1106,1107,1108,1105,239],"_links":{"self":[{"href":"https:\/\/www.campingverneda.com\/blog\/wp-json\/wp\/v2\/posts\/3326"}],"collection":[{"href":"https:\/\/www.campingverneda.com\/blog\/wp-json\/wp\/v2\/posts"}],"about":[{"href":"https:\/\/www.campingverneda.com\/blog\/wp-json\/wp\/v2\/types\/post"}],"author":[{"embeddable":true,"href":"https:\/\/www.campingverneda.com\/blog\/wp-json\/wp\/v2\/users\/1"}],"replies":[{"embeddable":true,"href":"https:\/\/www.campingverneda.com\/blog\/wp-json\/wp\/v2\/comments?post=3326"}],"version-history":[{"count":5,"href":"https:\/\/www.campingverneda.com\/blog\/wp-json\/wp\/v2\/posts\/3326\/revisions"}],"predecessor-version":[{"id":3340,"href":"https:\/\/www.campingverneda.com\/blog\/wp-json\/wp\/v2\/posts\/3326\/revisions\/3340"}],"wp:featuredmedia":[{"embeddable":true,"href":"https:\/\/www.campingverneda.com\/blog\/wp-json\/wp\/v2\/media\/3327"}],"wp:attachment":[{"href":"https:\/\/www.campingverneda.com\/blog\/wp-json\/wp\/v2\/media?parent=3326"}],"wp:term":[{"taxonomy":"category","embeddable":true,"href":"https:\/\/www.campingverneda.com\/blog\/wp-json\/wp\/v2\/categories?post=3326"},{"taxonomy":"post_tag","embeddable":true,"href":"https:\/\/www.campingverneda.com\/blog\/wp-json\/wp\/v2\/tags?post=3326"}],"curies":[{"name":"wp","href":"https:\/\/api.w.org\/{rel}","templated":true}]}}