{"id":3317,"date":"2019-10-08T09:31:46","date_gmt":"2019-10-08T09:31:46","guid":{"rendered":"http:\/\/www.campingverneda.com\/blog\/?p=3317"},"modified":"2019-10-08T09:35:38","modified_gmt":"2019-10-08T09:35:38","slug":"dia-mundial-del-habitat","status":"publish","type":"post","link":"https:\/\/www.campingverneda.com\/blog\/2019\/10\/08\/dia-mundial-del-habitat\/","title":{"rendered":"D\u00eda Mundial del H\u00e1bitat"},"content":{"rendered":"<p>Ayer, d\u00eda <b>7 de octubre,<\/b> se celebra el <b>d\u00eda Mundial del H\u00e1bitat<\/b>. Se nos presenta la ocasi\u00f3n perfecta para <b>reflexionar sobre la relaci\u00f3n que tenemos con el medio donde vivimos<\/b>. Analizar si nuestro comportamiento se adec\u00faa con el correcto planteamiento de actuaci\u00f3n, para fortalecer el desarrollo natural de nuestro h\u00e1bitat.<span class=\"Apple-converted-space\">\u00a0<\/span><\/p>\n<p>Hemos invertido nuestro sentido de valor, <b>priorizando el dinero por encima de los dem\u00e1s recursos<\/b>. Por ello, nos enfrentamos con un <b>problema de masificaci\u00f3n<\/b>.<\/p>\n<p>La globalizaci\u00f3n ha impulsado la destrucci\u00f3n de nuestros espacios naturales, en pro del ensanchamiento de nuestros n\u00facleos de poblaci\u00f3n, tanto urbanos como rurales. <span class=\"Apple-converted-space\">\u00a0<\/span><\/p>\n<p>Estanos cometiendo un error. Hoy queremos reivindicar la i<b>mportancia del suelo en el que vivimos<\/b>, de aquellos lugares que nuestros ancestros tanto esfuerzo dedicaron en mantener.<\/p>\n<p>Hoy es el d\u00eda de <b>rendir un tributo al h\u00e1bitat en que residimos<\/b>, concienciando a la sociedad sobre cu\u00e1les son los efectos de nuestra agresiva conducta con el paisaje.<span class=\"Apple-converted-space\">\u00a0<\/span><\/p>\n<p>Desde <a href=\"https:\/\/www.instagram.com\/vida_verneda\/\" target=\"_blank\" rel=\"noopener\">Verneda Camping Mountain Resort<\/a>, nos enorgullecemos de ser distinguidos con el <b>certificado ECO por nuestra labor en el respeto del medio ambiente y del comercio local.<\/b><\/p>\n<p><a href=\"http:\/\/www.campingverneda.com\/blog\/2019\/10\/08\/dia-mundial-del-habitat\/val-daran-camping\/\" rel=\"attachment wp-att-3320\"><img decoding=\"async\" loading=\"lazy\" class=\"alignnone size-full wp-image-3320\" src=\"http:\/\/www.campingverneda.com\/blog\/wp-content\/uploads\/2019\/10\/val-daran-camping.jpg\" alt=\"\" width=\"1000\" height=\"750\" srcset=\"https:\/\/www.campingverneda.com\/blog\/wp-content\/uploads\/2019\/10\/val-daran-camping-200x150.jpg 200w, https:\/\/www.campingverneda.com\/blog\/wp-content\/uploads\/2019\/10\/val-daran-camping-300x225.jpg 300w, https:\/\/www.campingverneda.com\/blog\/wp-content\/uploads\/2019\/10\/val-daran-camping-400x300.jpg 400w, https:\/\/www.campingverneda.com\/blog\/wp-content\/uploads\/2019\/10\/val-daran-camping-600x450.jpg 600w, https:\/\/www.campingverneda.com\/blog\/wp-content\/uploads\/2019\/10\/val-daran-camping-768x576.jpg 768w, https:\/\/www.campingverneda.com\/blog\/wp-content\/uploads\/2019\/10\/val-daran-camping-800x600.jpg 800w, https:\/\/www.campingverneda.com\/blog\/wp-content\/uploads\/2019\/10\/val-daran-camping.jpg 1000w\" sizes=\"(max-width: 1000px) 100vw, 1000px\" \/><\/a><\/p>\n<p>En este sentido, contamos con el galard\u00f3n <b>ECO L\u00cdDER<\/b>, entregado por <b>TripAdvisor<\/b>, y el reconocimiento de <b>Wecoplan<\/b>, organizaci\u00f3n seleccionadora de establecimientos que tengan valores de mantenimiento y cura del entorno.<span class=\"Apple-converted-space\">\u00a0<\/span><\/p>\n<p>Posicionados como <b>camping ecol\u00f3gico en los Pirineos<\/b>, queremos presentaros algunas <b>medidas para reducir nuestro impacto sobre el suelo donde habitamos:<\/b><\/p>\n<p>\u00b7Controlar el consumo de agua en la higiene, riego y piscinas.<\/p>\n<p>\u00b7Reducir el consumo de energ\u00eda en iluminaci\u00f3n, usar bombillas de bajo consumo: fluorescentes compactas y LED (Light Emitting Diode).<\/p>\n<p>\u00b7Reducir el consumo de energ\u00eda en calefacci\u00f3n, refrigeraci\u00f3n y cocinado<\/p>\n<p>\u00b7Reducir el consumo de energ\u00eda en transporte (usar transporte p\u00fablico, \u00a0la bicicleta y\/o desplazarse a pie)<\/p>\n<p>\u00b7Consumir productos de temporada y de cercan\u00eda, priorizando lo local.<\/p>\n<p>Contribuye al mantenimiento de nuestro h\u00e1bitat. Si nos cargamos el entorno que nos rodea, las condiciones de vida se ver\u00e1n bruscamente cambiadas para todos. Es una causa de todos.<span class=\"Apple-converted-space\">\u00a0<\/span><\/p>\n<p>!Cuida tu entorno, cu\u00eddate a ti!<\/p>\n","protected":false},"excerpt":{"rendered":"<p>Ayer, d\u00eda 7 de octubre, se celebra el d\u00eda Mundial del H\u00e1bitat. Se nos presenta la ocasi\u00f3n perfecta para reflexionar sobre la relaci\u00f3n que tenemos [&hellip;]<\/p>\n","protected":false},"author":1,"featured_media":3324,"comment_status":"open","ping_status":"open","sticky":false,"template":"","format":"standard","meta":[],"categories":[69],"tags":[897,915,467,1103,1101,1100,1102,1046,1104,818],"_links":{"self":[{"href":"https:\/\/www.campingverneda.com\/blog\/wp-json\/wp\/v2\/posts\/3317"}],"collection":[{"href":"https:\/\/www.campingverneda.com\/blog\/wp-json\/wp\/v2\/posts"}],"about":[{"href":"https:\/\/www.campingverneda.com\/blog\/wp-json\/wp\/v2\/types\/post"}],"author":[{"embeddable":true,"href":"https:\/\/www.campingverneda.com\/blog\/wp-json\/wp\/v2\/users\/1"}],"replies":[{"embeddable":true,"href":"https:\/\/www.campingverneda.com\/blog\/wp-json\/wp\/v2\/comments?post=3317"}],"version-history":[{"count":4,"href":"https:\/\/www.campingverneda.com\/blog\/wp-json\/wp\/v2\/posts\/3317\/revisions"}],"predecessor-version":[{"id":3323,"href":"https:\/\/www.campingverneda.com\/blog\/wp-json\/wp\/v2\/posts\/3317\/revisions\/3323"}],"wp:featuredmedia":[{"embeddable":true,"href":"https:\/\/www.campingverneda.com\/blog\/wp-json\/wp\/v2\/media\/3324"}],"wp:attachment":[{"href":"https:\/\/www.campingverneda.com\/blog\/wp-json\/wp\/v2\/media?parent=3317"}],"wp:term":[{"taxonomy":"category","embeddable":true,"href":"https:\/\/www.campingverneda.com\/blog\/wp-json\/wp\/v2\/categories?post=3317"},{"taxonomy":"post_tag","embeddable":true,"href":"https:\/\/www.campingverneda.com\/blog\/wp-json\/wp\/v2\/tags?post=3317"}],"curies":[{"name":"wp","href":"https:\/\/api.w.org\/{rel}","templated":true}]}}