{"id":3286,"date":"2019-09-10T06:43:59","date_gmt":"2019-09-10T06:43:59","guid":{"rendered":"http:\/\/www.campingverneda.com\/blog\/?p=3286"},"modified":"2020-10-21T11:06:41","modified_gmt":"2020-10-21T11:06:41","slug":"pueblos-perdidos-val-daran","status":"publish","type":"post","link":"https:\/\/www.campingverneda.com\/blog\/2019\/09\/10\/pueblos-perdidos-val-daran\/","title":{"rendered":"Los pueblos perdidos del Valle de Aran"},"content":{"rendered":"<p style=\"text-align: justify;\"><strong>El Valle de Aran es un destino de monta\u00f1a<\/strong> que cuenta con un maravilloso entorno natural, gracias a sus condiciones geogr\u00e1ficas y climatol\u00f3gicas \u00fanicas. Con el paso de los a\u00f1os,<strong> los habitantes de sus pueblos se fueron trasladando<\/strong>, dejando algunos espacios cada vez m\u00e1s desocupados. Incluso hasta el punto de ser abandonados en su totalidad, convierti\u00e9ndose en pueblos fantasma.<\/p>\n<div id=\"attachment_3288\" style=\"width: 510px\" class=\"wp-caption alignright\"><a href=\"http:\/\/www.campingverneda.com\/blog\/2019\/09\/10\/pueblos-perdidos-val-daran\/bordius_pueblos_val_d_aran\/\" rel=\"attachment wp-att-3288\"><img aria-describedby=\"caption-attachment-3288\" decoding=\"async\" loading=\"lazy\" class=\"size-full wp-image-3288\" src=\"http:\/\/www.campingverneda.com\/blog\/wp-content\/uploads\/2019\/09\/bordius_pueblos_val_d_aran.png\" alt=\"\" width=\"500\" height=\"306\" srcset=\"https:\/\/www.campingverneda.com\/blog\/wp-content\/uploads\/2019\/09\/bordius_pueblos_val_d_aran-200x122.png 200w, https:\/\/www.campingverneda.com\/blog\/wp-content\/uploads\/2019\/09\/bordius_pueblos_val_d_aran-300x184.png 300w, https:\/\/www.campingverneda.com\/blog\/wp-content\/uploads\/2019\/09\/bordius_pueblos_val_d_aran-400x245.png 400w, https:\/\/www.campingverneda.com\/blog\/wp-content\/uploads\/2019\/09\/bordius_pueblos_val_d_aran.png 500w\" sizes=\"(max-width: 500px) 100vw, 500px\" \/><\/a><p id=\"caption-attachment-3288\" class=\"wp-caption-text\">Fuente: Paseando por Bordius de miradesatentes.blospost.com<\/p><\/div>\n<p style=\"text-align: justify;\">Estos pueblos son los rincones id\u00f3neos para<strong> entender el estilo de vida tradicional del territorio<\/strong>. En el<strong> Bajo Aran<\/strong>, la parte m\u00e1s cercana a Francia, encontramos diferentes ejemplos de estas<strong> aldeas \u201colvidadas\u201d<\/strong>. Estas se encuentran en la <strong>Val de Tor\u00e1n<\/strong>, un valle lleno de vegetaci\u00f3n espesa y bosques h\u00famedos, situada en la frontera con el pa\u00eds galo.<br \/>\nImagen de la Val de Tor\u00e1n. Fuente: Desnivel<br \/>\nDentro de este enclave, representante principal del clima atl\u00e1ntico, encontramos los pueblos de <strong>Bausen y Canejan<\/strong>. Estos pueblos, los cuales cuentan con pocos habitantes, conservan a\u00fan la esencia campestre de anta\u00f1o. Desde ellos, enfrentados en su localizaci\u00f3n por el valle, se tiene una de las mejores vistas del territorio. Pudiendo observar tanto la Val de Tor\u00e1n como la longitud de la Val d\u2019Aran (Artiga de Lin, monta\u00f1as de Vilam\u00f3s y la Maladeta).<\/p>\n<p style=\"text-align: justify;\">Conectados a Canejan por pistas, caminos y carreteras, encontramos los pueblos de <strong>Sant Joan de Toran, Porcingles, Bordius y Eth Pradet<\/strong>. Rincones, pr\u00e1cticamente perdidos dentro del bosque, que nos muestran el reflejo de la vida rural y artesana que tuvieron, donde cada uno tiene una personalidad diferenciada.<\/p>\n<p style=\"text-align: justify;\">Si quer\u00e9is descubrir la magia que esconde la Val d\u2019Aran \u00e9sta, sin duda, es la mejor opci\u00f3n. Para m\u00e1s informaci\u00f3n sobre las rutas y caminos, no dud\u00e9is en preguntar al staff en la recepci\u00f3n del <a href=\"https:\/\/www.facebook.com\/VernedaCampingMountainResort\/\" target=\"_blank\" rel=\"noopener\">Verneda Camping Mountain Resort<\/a>, estamos encantados\/as de resolver vuestras dudas.<\/p>\n","protected":false},"excerpt":{"rendered":"<p>El Valle de Aran es un destino de monta\u00f1a que cuenta con un maravilloso entorno natural, gracias a sus condiciones geogr\u00e1ficas y climatol\u00f3gicas \u00fanicas. Con [&hellip;]<\/p>\n","protected":false},"author":1,"featured_media":3287,"comment_status":"open","ping_status":"open","sticky":false,"template":"","format":"standard","meta":[],"categories":[71],"tags":[890,1070,546,713,1081,874,1080,911,552,1020,818],"_links":{"self":[{"href":"https:\/\/www.campingverneda.com\/blog\/wp-json\/wp\/v2\/posts\/3286"}],"collection":[{"href":"https:\/\/www.campingverneda.com\/blog\/wp-json\/wp\/v2\/posts"}],"about":[{"href":"https:\/\/www.campingverneda.com\/blog\/wp-json\/wp\/v2\/types\/post"}],"author":[{"embeddable":true,"href":"https:\/\/www.campingverneda.com\/blog\/wp-json\/wp\/v2\/users\/1"}],"replies":[{"embeddable":true,"href":"https:\/\/www.campingverneda.com\/blog\/wp-json\/wp\/v2\/comments?post=3286"}],"version-history":[{"count":3,"href":"https:\/\/www.campingverneda.com\/blog\/wp-json\/wp\/v2\/posts\/3286\/revisions"}],"predecessor-version":[{"id":3291,"href":"https:\/\/www.campingverneda.com\/blog\/wp-json\/wp\/v2\/posts\/3286\/revisions\/3291"}],"wp:featuredmedia":[{"embeddable":true,"href":"https:\/\/www.campingverneda.com\/blog\/wp-json\/wp\/v2\/media\/3287"}],"wp:attachment":[{"href":"https:\/\/www.campingverneda.com\/blog\/wp-json\/wp\/v2\/media?parent=3286"}],"wp:term":[{"taxonomy":"category","embeddable":true,"href":"https:\/\/www.campingverneda.com\/blog\/wp-json\/wp\/v2\/categories?post=3286"},{"taxonomy":"post_tag","embeddable":true,"href":"https:\/\/www.campingverneda.com\/blog\/wp-json\/wp\/v2\/tags?post=3286"}],"curies":[{"name":"wp","href":"https:\/\/api.w.org\/{rel}","templated":true}]}}