{"id":3237,"date":"2019-07-16T15:15:48","date_gmt":"2019-07-16T15:15:48","guid":{"rendered":"http:\/\/www.campingverneda.com\/blog\/?p=3237"},"modified":"2020-03-17T15:01:54","modified_gmt":"2020-03-17T15:01:54","slug":"restaurantes-aptos-para-perros","status":"publish","type":"post","link":"https:\/\/www.campingverneda.com\/blog\/2019\/07\/16\/restaurantes-aptos-para-perros\/","title":{"rendered":"Restaurantes petfriendly en la Val d&#8217;Aran"},"content":{"rendered":"<p>El Valle de Aran cuenta con un <b>entorno natural privilegiado<\/b>, donde todos los integrantes de la familia, desde los\/as ni\u00f1os\/as hasta nuestras mascotas, desean poder participar de las experiencias que brinda este territorio. Una de las actividades indispensables para conocer la identidad de la zona es la <b>gastronom\u00eda<i>. <\/i><\/b><span class=\"Apple-converted-space\">\u00a0<\/span><\/p>\n<p>\u00bfPero qu\u00e9 pasa cuando nuestros animales, en concreto nuestros perros, suponen un impedimento para descubrir los secretos que esconde la cocina aranesa?<span class=\"Apple-converted-space\">\u00a0<\/span><\/p>\n<p>Desde <a href=\"https:\/\/www.facebook.com\/VernedaCampingMountainResort\/\" target=\"_blank\" rel=\"noopener\">Verneda Camping Mountain Resort<\/a>, como alojamiento en el que poder disfrutar tranquilamente de la compa\u00f1\u00eda de nuestras mascotas, os queremos brindar un peque\u00f1o <b>repertorio de restaurantes del Valle de Aran a los que poder acudir con vuestros perros<i>.<\/i><\/b><span class=\"Apple-converted-space\">\u00a0 <\/span><\/p>\n<p>El lugar id\u00f3neo donde comer, sin preocuparte de que tu perro suponga un problema, son las <b>terrazas<\/b>,<span class=\"Apple-converted-space\">\u00a0 <\/span>aprovechando as\u00ed la oportunidad de ver los espl\u00e9ndidos paisajes del territorio. <span class=\"Apple-converted-space\">\u00a0<\/span><\/p>\n<p>La primera parada, empezando desde la zona del Baix Aran, es <b>La Trastienda<\/b>. Situado en el pueblo de Boss\u00f2st, este restaurante ofrece una <b>cocina muy tradicional con toques actuales<\/b>, bas\u00e1ndose en los productos de temporada.<\/p>\n<p><a href=\"http:\/\/www.campingverneda.com\/blog\/2019\/07\/16\/restaurantes-aptos-para-perros\/nara-vcmr-restaurantes-petfriendly\/\" rel=\"attachment wp-att-3238\"><img decoding=\"async\" loading=\"lazy\" class=\"alignnone size-full wp-image-3238\" src=\"http:\/\/www.campingverneda.com\/blog\/wp-content\/uploads\/2019\/07\/nara-vcmr-restaurantes-petfriendly.jpg\" alt=\"\" width=\"945\" height=\"668\" srcset=\"https:\/\/www.campingverneda.com\/blog\/wp-content\/uploads\/2019\/07\/nara-vcmr-restaurantes-petfriendly-200x141.jpg 200w, https:\/\/www.campingverneda.com\/blog\/wp-content\/uploads\/2019\/07\/nara-vcmr-restaurantes-petfriendly-300x212.jpg 300w, https:\/\/www.campingverneda.com\/blog\/wp-content\/uploads\/2019\/07\/nara-vcmr-restaurantes-petfriendly-400x283.jpg 400w, https:\/\/www.campingverneda.com\/blog\/wp-content\/uploads\/2019\/07\/nara-vcmr-restaurantes-petfriendly-600x424.jpg 600w, https:\/\/www.campingverneda.com\/blog\/wp-content\/uploads\/2019\/07\/nara-vcmr-restaurantes-petfriendly-768x543.jpg 768w, https:\/\/www.campingverneda.com\/blog\/wp-content\/uploads\/2019\/07\/nara-vcmr-restaurantes-petfriendly-800x566.jpg 800w, https:\/\/www.campingverneda.com\/blog\/wp-content\/uploads\/2019\/07\/nara-vcmr-restaurantes-petfriendly.jpg 945w\" sizes=\"(max-width: 945px) 100vw, 945px\" \/><\/a>Cuentan con un perfil en <a href=\"http:\/\/dogvivant.com\" target=\"_blank\" rel=\"noopener\">dogvivant.com<\/a><b><i>, <\/i><\/b>donde podr\u00e9is ampliar la informaci\u00f3n referida al acceso de clientes con sus perros.<span class=\"Apple-converted-space\">\u00a0<\/span><\/p>\n<p>Si subimos un poquit\u00edn, direcci\u00f3n Vielha, encontramos el pueblo de Es Bordes y su desv\u00edo hacia la Artiga de Lin. En la carretera que da acceso a este espacio, desv\u00edo que se encuentra justo al lado de nuestro camping, encontraremos el <b>Refugi dera Montjoia<\/b>.<\/p>\n<p>En este id\u00edlico enclave podremos deleitarnos, adem\u00e1s de con los <b>espectaculares paisajes<\/b>, con <b>platos de brasa y carnes de gran calidad.<\/b><span class=\"Apple-converted-space\">\u00a0<\/span><\/p>\n<p>Continuando para arriba,<span class=\"Apple-converted-space\">\u00a0 <\/span>interrumpiremos nuestro camino en Vielha. El siguiente restaurante se encuentra a las afueras del pueblo, direcci\u00f3n Baqueira. Nos referimos a la <b>B\u00f3veda<i>, <\/i><\/b>lugar para enriquecerse de todos los aromas y sabores de la <b>cocina italiana<\/b>, en especial de sus <b>variadas y deliciosas pizzas<i>.<\/i><\/b><\/p>\n<p>Una vez dejada atr\u00e1s Vielha, seguiremos nuestra andanza hasta llegar al pueblo de Esunhau. All\u00ed nos toparemos con una peque\u00f1o establecimiento con <b>ambiente familiar y acogedor<\/b>, la <b>Fonda Eth Petit<i>. <\/i><\/b><\/p>\n<p>Un restaurante donde degustar tanto de tapas como de men\u00fas, pero sobre todo no os pod\u00e9is perder su <b>chulet\u00f3n<i>.<span class=\"Apple-converted-space\">\u00a0<\/span><\/i><\/b><\/p>\n<p>El \u00faltimo restaurante de esta selecci\u00f3n es <b>La Tarteria<i>. <\/i><\/b>Vecino del pueblo de Arties, este <b>establecimiento petfriendly<\/b>, te permitir\u00e1 apreciar una <b>cocina muy creativa y personal<\/b>, donde las salsas toman el protagonismo.<span class=\"Apple-converted-space\">\u00a0<\/span><\/p>\n<p>Ahora solo tendr\u00e9is que preocuparos de llenar vuestras barrigas y desabrocharos el bot\u00f3n de los pantalones.<span class=\"Apple-converted-space\">\u00a0<\/span><\/p>\n","protected":false},"excerpt":{"rendered":"<p>El Valle de Aran cuenta con un entorno natural privilegiado, donde todos los integrantes de la familia, desde los\/as ni\u00f1os\/as hasta nuestras mascotas, desean poder [&hellip;]<\/p>\n","protected":false},"author":1,"featured_media":3239,"comment_status":"open","ping_status":"open","sticky":false,"template":"","format":"standard","meta":[],"categories":[71,98,72],"tags":[890,1070,546,713,1081,874,1080,911,1094,552,1020,818],"_links":{"self":[{"href":"https:\/\/www.campingverneda.com\/blog\/wp-json\/wp\/v2\/posts\/3237"}],"collection":[{"href":"https:\/\/www.campingverneda.com\/blog\/wp-json\/wp\/v2\/posts"}],"about":[{"href":"https:\/\/www.campingverneda.com\/blog\/wp-json\/wp\/v2\/types\/post"}],"author":[{"embeddable":true,"href":"https:\/\/www.campingverneda.com\/blog\/wp-json\/wp\/v2\/users\/1"}],"replies":[{"embeddable":true,"href":"https:\/\/www.campingverneda.com\/blog\/wp-json\/wp\/v2\/comments?post=3237"}],"version-history":[{"count":4,"href":"https:\/\/www.campingverneda.com\/blog\/wp-json\/wp\/v2\/posts\/3237\/revisions"}],"predecessor-version":[{"id":3243,"href":"https:\/\/www.campingverneda.com\/blog\/wp-json\/wp\/v2\/posts\/3237\/revisions\/3243"}],"wp:featuredmedia":[{"embeddable":true,"href":"https:\/\/www.campingverneda.com\/blog\/wp-json\/wp\/v2\/media\/3239"}],"wp:attachment":[{"href":"https:\/\/www.campingverneda.com\/blog\/wp-json\/wp\/v2\/media?parent=3237"}],"wp:term":[{"taxonomy":"category","embeddable":true,"href":"https:\/\/www.campingverneda.com\/blog\/wp-json\/wp\/v2\/categories?post=3237"},{"taxonomy":"post_tag","embeddable":true,"href":"https:\/\/www.campingverneda.com\/blog\/wp-json\/wp\/v2\/tags?post=3237"}],"curies":[{"name":"wp","href":"https:\/\/api.w.org\/{rel}","templated":true}]}}