{"id":3206,"date":"2019-07-03T10:46:35","date_gmt":"2019-07-03T10:46:35","guid":{"rendered":"http:\/\/www.campingverneda.com\/blog\/?p=3206"},"modified":"2019-07-03T10:46:36","modified_gmt":"2019-07-03T10:46:36","slug":"orientacion-basica-en-la-val-daran","status":"publish","type":"post","link":"https:\/\/www.campingverneda.com\/blog\/2019\/07\/03\/orientacion-basica-en-la-val-daran\/","title":{"rendered":"Orientaci\u00f3n b\u00e1sica en la Val d\u2019Aran"},"content":{"rendered":"<p>Cuando vamos a la monta\u00f1a, podremos quedarnos anonadados por la belleza de la naturaleza. Respiras hondo, dejas que los rayos del sol te doren la piel, escuchas los p\u00e1jaros posarse en los \u00e1rboles, a los ni\u00f1xs re\u00edr, a Nina ladrar.<span class=\"Apple-converted-space\">\u00a0<\/span><\/p>\n<p>Y de repente, sin darte cuenta no sabes ni d\u00f3nde est\u00e1s.<span class=\"Apple-converted-space\">\u00a0<\/span><\/p>\n<p>Todo el bosque te parece igual, no tienes cobertura y no tienes ni idea de por d\u00f3nde has venido.<\/p>\n<p><a href=\"http:\/\/www.campingverneda.com\/blog\/2019\/07\/03\/orientacion-basica-en-la-val-daran\/camping-mountain-verneda-resort-orientacion-montana\/\" rel=\"attachment wp-att-3207\"><img decoding=\"async\" loading=\"lazy\" class=\"wp-image-3207 alignright\" src=\"http:\/\/www.campingverneda.com\/blog\/wp-content\/uploads\/2019\/07\/camping-mountain-verneda-resort-orientacion-montana.jpg\" alt=\"\" width=\"526\" height=\"744\" srcset=\"https:\/\/www.campingverneda.com\/blog\/wp-content\/uploads\/2019\/07\/camping-mountain-verneda-resort-orientacion-montana-200x283.jpg 200w, https:\/\/www.campingverneda.com\/blog\/wp-content\/uploads\/2019\/07\/camping-mountain-verneda-resort-orientacion-montana-212x300.jpg 212w, https:\/\/www.campingverneda.com\/blog\/wp-content\/uploads\/2019\/07\/camping-mountain-verneda-resort-orientacion-montana-400x566.jpg 400w, https:\/\/www.campingverneda.com\/blog\/wp-content\/uploads\/2019\/07\/camping-mountain-verneda-resort-orientacion-montana-600x849.jpg 600w, https:\/\/www.campingverneda.com\/blog\/wp-content\/uploads\/2019\/07\/camping-mountain-verneda-resort-orientacion-montana.jpg 668w\" sizes=\"(max-width: 526px) 100vw, 526px\" \/><\/a><\/p>\n<p>Tranquilx, hoy te vamos a dar un par de <b>consejos de orientaci\u00f3n para que no te sientas perdido en medio de la naturaleza<\/b>.<\/p>\n<p><b>-Sigue el r\u00edo<\/b><\/p>\n<p>Esto es algo que te vas a llevar para siempre: si no te encuentras en el monte, siguiendo el r\u00edo y bajaras de cota hasta llegar a campo abierto.<span class=\"Apple-converted-space\">\u00a0<\/span><\/p>\n<p>En la Val d\u2019Aran, el r\u00edo Garona baja hacia el norte. S\u00ed, s\u00ed, como lo oyes.<\/p>\n<p>Este curioso<i> <\/i>tip<i> <\/i>es crucial para situarnos, adem\u00e1s de saber que todos los r\u00edos de este valle desembocan en \u00e9l.<\/p>\n<p><b>-Localiza el sol<\/b><\/p>\n<p>Esta referencia tambi\u00e9n la podr\u00e1s aplicar all\u00e1 donde vayas, el sol sale por el este y se pone por el oeste.<\/p>\n<p>Traducido a nuestro terreno, el sol sale por detr\u00e1s de la cordillera de Baqueira y se pone entre las monta\u00f1as que esconden la frontera con Francia.<\/p>\n<p><b>-F\u00edjate en la vegetaci\u00f3n, te dar\u00e1 muchas pistas.<\/b><\/p>\n<p>Cada destino tiene su encanto, y por supuesto su propia fauna y vegetaci\u00f3n. Si tomamos un poco de conciencia en ella podremos beneficiarnos de sus conocimientos.<\/p>\n<p>La Val d\u2019Aran posee una flora magn\u00edfica. Solo fij\u00e1ndonos en donde toca el sol en la monta\u00f1a, podremos descubrir si se trata de la cara sur o norte del valle. En la cara sur, la solana, podremos encontrar \u00e1rboles de hoja caduca, pinos, arbustos frutales como ar\u00e1ndanos, zarzas con moras y dem\u00e1s flora silvestre.<\/p>\n<p>En cambio, en el lado sombr\u00edo de la monta\u00f1a encontraremos \u00e1rboles que prefieren temperaturas m\u00e1s fr\u00edas como los abetos y avellanos.<\/p>\n<p><a href=\"https:\/\/www.instagram.com\/vida_verneda\/\" target=\"_blank\" rel=\"noopener\">Verneda Camping Mountain Resort<\/a> est\u00e1 justo a la vera del r\u00edo Garona<span class=\"Apple-converted-space\">\u00a0<\/span><\/p>\n<p>\u00bfSabr\u00edas encontrarnos?<\/p>\n<p>&nbsp;<\/p>\n","protected":false},"excerpt":{"rendered":"<p>Cuando vamos a la monta\u00f1a, podremos quedarnos anonadados por la belleza de la naturaleza. Respiras hondo, dejas que los rayos del sol te doren la [&hellip;]<\/p>\n","protected":false},"author":1,"featured_media":3208,"comment_status":"open","ping_status":"open","sticky":false,"template":"","format":"standard","meta":[],"categories":[71,129,69],"tags":[890,1070,546,713,1082,1081,874,1080,911,1083,552,1020,818],"_links":{"self":[{"href":"https:\/\/www.campingverneda.com\/blog\/wp-json\/wp\/v2\/posts\/3206"}],"collection":[{"href":"https:\/\/www.campingverneda.com\/blog\/wp-json\/wp\/v2\/posts"}],"about":[{"href":"https:\/\/www.campingverneda.com\/blog\/wp-json\/wp\/v2\/types\/post"}],"author":[{"embeddable":true,"href":"https:\/\/www.campingverneda.com\/blog\/wp-json\/wp\/v2\/users\/1"}],"replies":[{"embeddable":true,"href":"https:\/\/www.campingverneda.com\/blog\/wp-json\/wp\/v2\/comments?post=3206"}],"version-history":[{"count":3,"href":"https:\/\/www.campingverneda.com\/blog\/wp-json\/wp\/v2\/posts\/3206\/revisions"}],"predecessor-version":[{"id":3211,"href":"https:\/\/www.campingverneda.com\/blog\/wp-json\/wp\/v2\/posts\/3206\/revisions\/3211"}],"wp:featuredmedia":[{"embeddable":true,"href":"https:\/\/www.campingverneda.com\/blog\/wp-json\/wp\/v2\/media\/3208"}],"wp:attachment":[{"href":"https:\/\/www.campingverneda.com\/blog\/wp-json\/wp\/v2\/media?parent=3206"}],"wp:term":[{"taxonomy":"category","embeddable":true,"href":"https:\/\/www.campingverneda.com\/blog\/wp-json\/wp\/v2\/categories?post=3206"},{"taxonomy":"post_tag","embeddable":true,"href":"https:\/\/www.campingverneda.com\/blog\/wp-json\/wp\/v2\/tags?post=3206"}],"curies":[{"name":"wp","href":"https:\/\/api.w.org\/{rel}","templated":true}]}}