{"id":3184,"date":"2019-06-24T14:28:46","date_gmt":"2019-06-24T14:28:46","guid":{"rendered":"http:\/\/www.campingverneda.com\/blog\/?p=3184"},"modified":"2020-06-19T08:32:25","modified_gmt":"2020-06-19T08:32:25","slug":"como-en-casa-pero-mejor","status":"publish","type":"post","link":"https:\/\/www.campingverneda.com\/blog\/2019\/06\/24\/como-en-casa-pero-mejor\/","title":{"rendered":"Como en casa, pero mejor"},"content":{"rendered":"<p>Despertar con el canto de los p\u00e1jaros y la brisa de verano. El correr del agua del r\u00edo ameniza la ma\u00f1ana y a los ni\u00f1xs les empieza a molestar el sol en la cara entre las s\u00e1banas.<\/p>\n<p>Hab\u00e9is preparado el desayuno en el porche y, a\u00fan en pijama, os dispon\u00e9is juntos a dar el primer bocado del d\u00eda.<\/p>\n<p>Ducha, ropa, mochila y\u2026 \u00a1a la aventura!<\/p>\n<p>Hoy toca <b>la Val de San Joan de Tor\u00e1n, un valle escondido en el norte de la comarca, direcci\u00f3n Francia<\/b>. Perfecta para ir con los peques, las rutas circulares f\u00e1ciles siempre lo son.<\/p>\n<p>Al cabo de unas horas por la monta\u00f1a, decides que ese lugar con esas vistas inigualables del valle ser\u00e1n tu comedor hoy. Sacamos el picnic y retomamos energ\u00eda.<\/p>\n<p>Antes de volver a coger camino, t\u00fambate en el c\u00e9sped mientras lxs chicxs juegan y corren con la mascota de la familia.<\/p>\n<p>Ya empiezan a estar cansados, pero est\u00e1is cerca del coche, solo unos kil\u00f3metros os separan de vuestro nidito rural en <a href=\"https:\/\/www.instagram.com\/vida_verneda\/\" target=\"_blank\" rel=\"noopener\">Verneda Camping Mountain Resort<\/a>.<\/p>\n<div id=\"attachment_3188\" style=\"width: 955px\" class=\"wp-caption alignnone\"><a href=\"http:\/\/www.campingverneda.com\/blog\/2019\/06\/24\/como-en-casa-pero-mejor\/bordeta-luxe-verneda-camping-vacaciones-verano\/\" rel=\"attachment wp-att-3188\"><img aria-describedby=\"caption-attachment-3188\" decoding=\"async\" loading=\"lazy\" class=\"size-full wp-image-3188\" src=\"http:\/\/www.campingverneda.com\/blog\/wp-content\/uploads\/2019\/06\/bordeta-luxe-verneda-camping-vacaciones-verano.jpg\" alt=\"\" width=\"945\" height=\"668\" srcset=\"https:\/\/www.campingverneda.com\/blog\/wp-content\/uploads\/2019\/06\/bordeta-luxe-verneda-camping-vacaciones-verano-200x141.jpg 200w, https:\/\/www.campingverneda.com\/blog\/wp-content\/uploads\/2019\/06\/bordeta-luxe-verneda-camping-vacaciones-verano-300x212.jpg 300w, https:\/\/www.campingverneda.com\/blog\/wp-content\/uploads\/2019\/06\/bordeta-luxe-verneda-camping-vacaciones-verano-400x283.jpg 400w, https:\/\/www.campingverneda.com\/blog\/wp-content\/uploads\/2019\/06\/bordeta-luxe-verneda-camping-vacaciones-verano-600x424.jpg 600w, https:\/\/www.campingverneda.com\/blog\/wp-content\/uploads\/2019\/06\/bordeta-luxe-verneda-camping-vacaciones-verano-768x543.jpg 768w, https:\/\/www.campingverneda.com\/blog\/wp-content\/uploads\/2019\/06\/bordeta-luxe-verneda-camping-vacaciones-verano-800x566.jpg 800w, https:\/\/www.campingverneda.com\/blog\/wp-content\/uploads\/2019\/06\/bordeta-luxe-verneda-camping-vacaciones-verano.jpg 945w\" sizes=\"(max-width: 945px) 100vw, 945px\" \/><\/a><p id=\"caption-attachment-3188\" class=\"wp-caption-text\">Nuestra area de Bordetas Luxe<\/p><\/div>\n<p>Emocionados y hambrientos, toca cambiarse despu\u00e9s de la excursi\u00f3n. Y como estamos de vacaciones, hoy, cocina <a href=\"https:\/\/www.campingverneda.com\/restaurante\" target=\"_blank\" rel=\"noopener\">el Restaurante<\/a> del camping.<\/p>\n<p>\u00a1Toma! Ha tocado mesa en la terraza.<\/p>\n<p>Vemos un equipo de t\u00e9cnicxs tirando cables, trayendo maletines y movi\u00e9ndose de aqu\u00ed para all\u00e1. Una de las formas de los maletines descubre su interior: una guitarra.<\/p>\n<p><b>Se sobre entiende que <\/b><a href=\"https:\/\/www.campingverneda.com\/musica-en-directo\" target=\"_blank\" rel=\"noopener\"><b>un grupo va a tocar esta noche<\/b><\/a><b>. \u00a1Menuda sorpresa!<span class=\"Apple-converted-space\">\u00a0<\/span><\/b><\/p>\n<p>Como si no hubiera suficiente con disfrutar nuestrxs d\u00edas en familia en este para\u00edso de los Pirineos, rodeados de naturaleza y calma. Compartiendo momentos irrepetibles.<\/p>\n<p>Pues, despu\u00e9s de todo, parece que todav\u00eda se puede terminar un d\u00eda redondo, con m\u00fasica en directo despu\u00e9s de la cena todxs juntos. Como en casa, pero mejor.<\/p>\n","protected":false},"excerpt":{"rendered":"<p>Despertar con el canto de los p\u00e1jaros y la brisa de verano. El correr del agua del r\u00edo ameniza la ma\u00f1ana y a los ni\u00f1xs [&hellip;]<\/p>\n","protected":false},"author":1,"featured_media":3186,"comment_status":"open","ping_status":"open","sticky":false,"template":"","format":"standard","meta":[],"categories":[1,72,69],"tags":[890,1070,546,713,1082,1081,874,1080,911,1083,552,1020,818],"_links":{"self":[{"href":"https:\/\/www.campingverneda.com\/blog\/wp-json\/wp\/v2\/posts\/3184"}],"collection":[{"href":"https:\/\/www.campingverneda.com\/blog\/wp-json\/wp\/v2\/posts"}],"about":[{"href":"https:\/\/www.campingverneda.com\/blog\/wp-json\/wp\/v2\/types\/post"}],"author":[{"embeddable":true,"href":"https:\/\/www.campingverneda.com\/blog\/wp-json\/wp\/v2\/users\/1"}],"replies":[{"embeddable":true,"href":"https:\/\/www.campingverneda.com\/blog\/wp-json\/wp\/v2\/comments?post=3184"}],"version-history":[{"count":3,"href":"https:\/\/www.campingverneda.com\/blog\/wp-json\/wp\/v2\/posts\/3184\/revisions"}],"predecessor-version":[{"id":3190,"href":"https:\/\/www.campingverneda.com\/blog\/wp-json\/wp\/v2\/posts\/3184\/revisions\/3190"}],"wp:featuredmedia":[{"embeddable":true,"href":"https:\/\/www.campingverneda.com\/blog\/wp-json\/wp\/v2\/media\/3186"}],"wp:attachment":[{"href":"https:\/\/www.campingverneda.com\/blog\/wp-json\/wp\/v2\/media?parent=3184"}],"wp:term":[{"taxonomy":"category","embeddable":true,"href":"https:\/\/www.campingverneda.com\/blog\/wp-json\/wp\/v2\/categories?post=3184"},{"taxonomy":"post_tag","embeddable":true,"href":"https:\/\/www.campingverneda.com\/blog\/wp-json\/wp\/v2\/tags?post=3184"}],"curies":[{"name":"wp","href":"https:\/\/api.w.org\/{rel}","templated":true}]}}