{"id":3135,"date":"2019-05-22T09:52:59","date_gmt":"2019-05-22T09:52:59","guid":{"rendered":"http:\/\/www.campingverneda.com\/blog\/?p=3135"},"modified":"2019-07-07T12:54:40","modified_gmt":"2019-07-07T12:54:40","slug":"ruta-gastronomica-por-la-val-daran","status":"publish","type":"post","link":"https:\/\/www.campingverneda.com\/blog\/2019\/05\/22\/ruta-gastronomica-por-la-val-daran\/","title":{"rendered":"Ruta gastron\u00f3mica por la Val d\u2019Aran"},"content":{"rendered":"<p>La Val d\u2019Aran nos ofrece un sinf\u00edn de posibilidades tur\u00edsticas, deportivas, de ocio y c\u00f3mo no, tambi\u00e9n gastron\u00f3micas.<\/p>\n<p>Por su localizaci\u00f3n, <a href=\"http:\/\/www.campingverneda.com\/blog\/category\/gastronomia-valle-de-aran\/\" target=\"_blank\" rel=\"noopener\">la historia gastron\u00f3mica<\/a><a href=\"http:\/\/www.campingverneda.com\/blog\/2019\/05\/22\/ruta-gastronomica-por-la-val-daran\/magret-gastronomia-aran-verneda\/\" rel=\"attachment wp-att-3138\"><img decoding=\"async\" loading=\"lazy\" class=\"size-full wp-image-3138 alignleft\" src=\"http:\/\/www.campingverneda.com\/blog\/wp-content\/uploads\/2019\/05\/magret-gastronomia-aran-verneda.jpg\" alt=\"\" width=\"600\" height=\"600\" srcset=\"https:\/\/www.campingverneda.com\/blog\/wp-content\/uploads\/2019\/05\/magret-gastronomia-aran-verneda-66x66.jpg 66w, https:\/\/www.campingverneda.com\/blog\/wp-content\/uploads\/2019\/05\/magret-gastronomia-aran-verneda-150x150.jpg 150w, https:\/\/www.campingverneda.com\/blog\/wp-content\/uploads\/2019\/05\/magret-gastronomia-aran-verneda-200x200.jpg 200w, https:\/\/www.campingverneda.com\/blog\/wp-content\/uploads\/2019\/05\/magret-gastronomia-aran-verneda-300x300.jpg 300w, https:\/\/www.campingverneda.com\/blog\/wp-content\/uploads\/2019\/05\/magret-gastronomia-aran-verneda-400x400.jpg 400w, https:\/\/www.campingverneda.com\/blog\/wp-content\/uploads\/2019\/05\/magret-gastronomia-aran-verneda.jpg 600w\" sizes=\"(max-width: 600px) 100vw, 600px\" \/><\/a> de la zona empieza con la comida de cuchar\u00f3n, guisos y estofados que inclu\u00edan todo tipo de ingredientes por la escasez de recursos. De aqu\u00ed nace la famosa Olha Aranesa.<\/p>\n<p>Otra de las fuentes principales de alimentaci\u00f3n eran las vacas. Los ganaderos recog\u00edan la leche para poder tomarla y hacer queso, <b>queso que hoy en d\u00eda podemos degustar en Bagergue<\/b>. En este peque\u00f1o pueblo del Naut Ar\u00e1n se encuentra la <b>queser\u00eda Tarrau<\/b>, donde adem\u00e1s de probar su queso podr\u00e1s visitar la f\u00e1brica.<\/p>\n<p>Un poco m\u00e1s a bajo, en Salard\u00fa, encontramos <b>Eth Bot, una borda antigua reformada para ofrecernos las mejores carnes a la brasa<\/b>, junto a platos m\u00e1s rurales y buen vino.<span class=\"Apple-converted-space\">\u00a0<\/span><\/p>\n<p>Si seguimos direcci\u00f3n Francia, <b>en el pueblo de<\/b> <b>Era Bordeta \u00a0es donde se localiza la productora de yoghurt aranesa<\/b>. No has probado un yoghurt tan fresco.<\/p>\n<p>&nbsp;<\/p>\n<p>Una vez en Vielha podemos dejarnos sorprender por diferentes estilos e incluso comida internacional, pero sin duda, l<b>a tapas son el emblema estrella del pueblo, en El Caf\u00e9 Nuevo y Eth Paer tienen de las mejores<\/b>. Si buscas un <b>restaurante de cuchillo y tenedor en la capital, Eth Corner y Era Coquela<\/b> siempre son buenas opciones.<\/p>\n<p>En Aubert, existe un peque\u00f1o rinconcito revelador para la <b>cocina aranesa, el Rock n\u2019 Cris<\/b>, una fusi\u00f3n entre los Pirineos y oriente extraordinaria. Si vas, ve sin prisa, lo hacen todo al momento se nota el cari\u00f1o que reponen a cada plato.<\/p>\n<p>Adentr\u00e1ndonos en el Baish Ar\u00e1n, en Bossost encontramos <b>Er Occitan. Un restaurante de cocina moderna y degustaci\u00f3n<\/b>, <i>delicatessen<\/i> y laboratorio culinario donde nos soprender\u00e1 desde el emplatado hasta el sabor.<\/p>\n<p>Por \u00faltimo, recomendamos una experiencia peculiar, visitar la psisifactoria de Les d\u00f3nde, adem\u00e1s de descubrir el cuidado y mantenimiento de los esturiones, podremos probar el Caviar Nacari, con <a href=\"http:\/\/www.campingverneda.com\/blog\/2017\/03\/07\/la-exquisitez-de-la-gastronomia-aranesa\/\" target=\"_blank\" rel=\"noopener\">denominaci\u00f3n de origen y un sabor exquisito<\/a>.<span class=\"Apple-converted-space\">\u00a0<\/span><\/p>\n<p>As\u00ed que mejor desabrochar el cintur\u00f3n, y que empiece la cata de los mejores nombres gastron\u00f3micos de la Val d\u2019Aran. \u00bfCu\u00e1l es tu favorito?<\/p>\n","protected":false},"excerpt":{"rendered":"<p>La Val d\u2019Aran nos ofrece un sinf\u00edn de posibilidades tur\u00edsticas, deportivas, de ocio y c\u00f3mo no, tambi\u00e9n gastron\u00f3micas. Por su localizaci\u00f3n, la historia gastron\u00f3mica de [&hellip;]<\/p>\n","protected":false},"author":1,"featured_media":3137,"comment_status":"open","ping_status":"open","sticky":false,"template":"","format":"standard","meta":[],"categories":[71,98],"tags":[546,713,1085,1082,1000,1080,911,1086,552,1020,818],"_links":{"self":[{"href":"https:\/\/www.campingverneda.com\/blog\/wp-json\/wp\/v2\/posts\/3135"}],"collection":[{"href":"https:\/\/www.campingverneda.com\/blog\/wp-json\/wp\/v2\/posts"}],"about":[{"href":"https:\/\/www.campingverneda.com\/blog\/wp-json\/wp\/v2\/types\/post"}],"author":[{"embeddable":true,"href":"https:\/\/www.campingverneda.com\/blog\/wp-json\/wp\/v2\/users\/1"}],"replies":[{"embeddable":true,"href":"https:\/\/www.campingverneda.com\/blog\/wp-json\/wp\/v2\/comments?post=3135"}],"version-history":[{"count":4,"href":"https:\/\/www.campingverneda.com\/blog\/wp-json\/wp\/v2\/posts\/3135\/revisions"}],"predecessor-version":[{"id":3215,"href":"https:\/\/www.campingverneda.com\/blog\/wp-json\/wp\/v2\/posts\/3135\/revisions\/3215"}],"wp:featuredmedia":[{"embeddable":true,"href":"https:\/\/www.campingverneda.com\/blog\/wp-json\/wp\/v2\/media\/3137"}],"wp:attachment":[{"href":"https:\/\/www.campingverneda.com\/blog\/wp-json\/wp\/v2\/media?parent=3135"}],"wp:term":[{"taxonomy":"category","embeddable":true,"href":"https:\/\/www.campingverneda.com\/blog\/wp-json\/wp\/v2\/categories?post=3135"},{"taxonomy":"post_tag","embeddable":true,"href":"https:\/\/www.campingverneda.com\/blog\/wp-json\/wp\/v2\/tags?post=3135"}],"curies":[{"name":"wp","href":"https:\/\/api.w.org\/{rel}","templated":true}]}}