{"id":3121,"date":"2019-05-07T06:28:13","date_gmt":"2019-05-07T06:28:13","guid":{"rendered":"http:\/\/www.campingverneda.com\/blog\/?p=3121"},"modified":"2019-09-16T09:58:28","modified_gmt":"2019-09-16T09:58:28","slug":"descubriendo-la-ruta-del-romanico","status":"publish","type":"post","link":"https:\/\/www.campingverneda.com\/blog\/2019\/05\/07\/descubriendo-la-ruta-del-romanico\/","title":{"rendered":"Descubriendo la ruta del Rom\u00e1nico"},"content":{"rendered":"<p>El Valle de Ar\u00e1n te da infinidad de razones para ser visitado, desde sus parajes naturales o su internacionalmente conocida estaci\u00f3n de esqu\u00ed Baqueira Beret, hasta su gastronom\u00eda y cultura.<\/p>\n<div id=\"attachment_3123\" style=\"width: 436px\" class=\"wp-caption alignright\"><a href=\"http:\/\/www.campingverneda.com\/blog\/2019\/05\/07\/descubriendo-la-ruta-del-romanico\/verneda-camping-iglesia-vielha-val-d-aran\/\" rel=\"attachment wp-att-3123\"><img aria-describedby=\"caption-attachment-3123\" decoding=\"async\" loading=\"lazy\" class=\" wp-image-3123\" src=\"http:\/\/www.campingverneda.com\/blog\/wp-content\/uploads\/2019\/05\/verneda-camping-iglesia-vielha-val-d-aran.jpeg\" alt=\"\" width=\"426\" height=\"564\" srcset=\"https:\/\/www.campingverneda.com\/blog\/wp-content\/uploads\/2019\/05\/verneda-camping-iglesia-vielha-val-d-aran-200x265.jpeg 200w, https:\/\/www.campingverneda.com\/blog\/wp-content\/uploads\/2019\/05\/verneda-camping-iglesia-vielha-val-d-aran-227x300.jpeg 227w, https:\/\/www.campingverneda.com\/blog\/wp-content\/uploads\/2019\/05\/verneda-camping-iglesia-vielha-val-d-aran-400x529.jpeg 400w, https:\/\/www.campingverneda.com\/blog\/wp-content\/uploads\/2019\/05\/verneda-camping-iglesia-vielha-val-d-aran.jpeg 526w\" sizes=\"(max-width: 426px) 100vw, 426px\" \/><\/a><p id=\"caption-attachment-3123\" class=\"wp-caption-text\">Iglesia rom\u00e1mnica de Sant Miqu\u00e8u de Vielha<\/p><\/div>\n<p>Hoy vamos a meternos en su historia.<\/p>\n<p>Y, \u00bfqui\u00e9n nos va a contar mejor su historia que los vestigios de la \u00e9poca?<\/p>\n<p>Creemos que para poder conocer bien un lugar, hay que descubrir sus or\u00edgenes. <strong>En esta zona del Pirineo encontramos un trozo de historia en cada pueblo.<\/strong><\/p>\n<p>Podr\u00edamos empezar por Era Mair de Diu era Porificcion, iglesia representativa de la arquitectura rom\u00e1nica local, que se encuentra en Bossost, una de las 33 poblaciones de la comarca situada en el Baish Aran construida entre el s. XIII y el s. XIV.<\/p>\n<p>En sentido ascendente del valle, desvi\u00e1ndonos en el cruce de Pont d\u2019Arr\u00f2s, encontraremos en Arres de Jos la iglesia St. Fabian del s. XI, <strong>lugar privilegiado por sus vistas y tranquilidad.<\/strong><\/p>\n<p>Seguimos la nacional 230 y, antes de Vielha encontraremos una rotonda que nos lleve a Vilac, municipio que da la bienvenida con un jard\u00edn verde, rodeado de \u00e1rboles con una gran fuente central que hace honor a su iglesia, construida en el s. XII con a\u00f1adidos y arreglos de \u00e9pocas posteriores.<\/p>\n<p>Una vez en Mig Ar\u00e1n, es indispensable<strong> parar en la plaza mayor de Vielha donde se encuentra la iglesia de St. Miqu\u00e8u<\/strong>, adem\u00e1s podremos gozar de la arquitectura rom\u00e1nica tom\u00e1ndonos un refrigerio.<\/p>\n<p>Llegando al Naut Ar\u00e1n las paradas indispensables son la iglesia de Santa Mar\u00eda de Arties declarada monumento nacional, y Santa Eul\u00e0lia de Unha, con peculiaridades \u00fanicas.<\/p>\n<p>Aqu\u00ed solo dejamos una peque\u00f1a gu\u00eda de las iglesias m\u00e1s interesantes del Valle de Ar\u00e1n, aunque te recomendamos que vengas con tiempo y con ganas para verlas todas.<\/p>\n<p>\u00a1<a href=\"https:\/\/www.facebook.com\/VernedaCampingMountainResort\/\" target=\"_blank\" rel=\"noopener\">Feliz primavera cultural en la Val d\u2019Aran!<\/a><\/p>\n","protected":false},"excerpt":{"rendered":"<p>El Valle de Ar\u00e1n te da infinidad de razones para ser visitado, desde sus parajes naturales o su internacionalmente conocida estaci\u00f3n de esqu\u00ed Baqueira Beret, [&hellip;]<\/p>\n","protected":false},"author":1,"featured_media":3122,"comment_status":"open","ping_status":"open","sticky":false,"template":"","format":"standard","meta":[],"categories":[71,230],"tags":[890,1070,546,713,632,1082,1081,874,1080,911,1084,1083,552,1020,818],"_links":{"self":[{"href":"https:\/\/www.campingverneda.com\/blog\/wp-json\/wp\/v2\/posts\/3121"}],"collection":[{"href":"https:\/\/www.campingverneda.com\/blog\/wp-json\/wp\/v2\/posts"}],"about":[{"href":"https:\/\/www.campingverneda.com\/blog\/wp-json\/wp\/v2\/types\/post"}],"author":[{"embeddable":true,"href":"https:\/\/www.campingverneda.com\/blog\/wp-json\/wp\/v2\/users\/1"}],"replies":[{"embeddable":true,"href":"https:\/\/www.campingverneda.com\/blog\/wp-json\/wp\/v2\/comments?post=3121"}],"version-history":[{"count":3,"href":"https:\/\/www.campingverneda.com\/blog\/wp-json\/wp\/v2\/posts\/3121\/revisions"}],"predecessor-version":[{"id":3126,"href":"https:\/\/www.campingverneda.com\/blog\/wp-json\/wp\/v2\/posts\/3121\/revisions\/3126"}],"wp:featuredmedia":[{"embeddable":true,"href":"https:\/\/www.campingverneda.com\/blog\/wp-json\/wp\/v2\/media\/3122"}],"wp:attachment":[{"href":"https:\/\/www.campingverneda.com\/blog\/wp-json\/wp\/v2\/media?parent=3121"}],"wp:term":[{"taxonomy":"category","embeddable":true,"href":"https:\/\/www.campingverneda.com\/blog\/wp-json\/wp\/v2\/categories?post=3121"},{"taxonomy":"post_tag","embeddable":true,"href":"https:\/\/www.campingverneda.com\/blog\/wp-json\/wp\/v2\/tags?post=3121"}],"curies":[{"name":"wp","href":"https:\/\/api.w.org\/{rel}","templated":true}]}}