{"id":3113,"date":"2019-05-03T14:03:58","date_gmt":"2019-05-03T14:03:58","guid":{"rendered":"http:\/\/www.campingverneda.com\/blog\/?p=3113"},"modified":"2020-09-24T17:06:00","modified_gmt":"2020-09-24T17:06:00","slug":"rutas-con-ninos-val-daran","status":"publish","type":"post","link":"https:\/\/www.campingverneda.com\/blog\/2019\/05\/03\/rutas-con-ninos-val-daran\/","title":{"rendered":"Mejores rutas con ni\u00f1os en la Val d&#8217;Aran"},"content":{"rendered":"<p>Ahora que la nieve desaparece de las monta\u00f1as, es la mejor \u00e9poca para comenzar a explorar la extensa belleza del territorio aran\u00e9s. Una de las mejores formas, es hacerlo <b>con les pekes de la casa<\/b>, ya que <b>adem\u00e1s de disfrutar de la Naturaleza<\/b>, aprender\u00e1n <b>la importancia del cuidado de la misma y las sensaciones que transmite el estar en contacto con el paisaje<\/b>.<span class=\"Apple-converted-space\">\u00a0<\/span><\/p>\n<p>Hoy <b>os queremos recomendar algunas <\/b><a href=\"https:\/\/www.instagram.com\/vida_verneda\" target=\"_blank\" rel=\"noopener\"><b>rutas aptas para toda la familia<\/b><\/a><b> <\/b>en las que pasarlo en grande.<span class=\"Apple-converted-space\">\u00a0<\/span><\/p>\n<p><b>Pla de Beret: <\/b>Empezamos con un cl\u00e1sico, que es el Pla de Beret. <b>Esta extensa explanada es utilizada por muches ganaderes para que sus vacas y caballos pasten libremente<\/b> y es un lugar \u00fanico con unas vistas impresionantes. Adem\u00e1s, el Pla de Beret es el <b>punto de salida para acceder al pueblo abandonado de Montgarri y su santuario<\/b>. Se trata de una excursi\u00f3n que podemos realizar tanto por pista (apta para 4&#215;4) como por camino de monta\u00f1a. De dificultad muy f\u00e1cil, es <b>una ruta perfecta para iniciar a les pekes de la casa en el senderismo.<\/b><span class=\"Apple-converted-space\">\u00a0<\/span><\/p>\n<div id=\"attachment_3115\" style=\"width: 610px\" class=\"wp-caption alignleft\"><a href=\"http:\/\/www.campingverneda.com\/blog\/2019\/05\/03\/rutas-con-ninos-val-daran\/verneda-camping-mountain-resort-rutas-aran\/\" rel=\"attachment wp-att-3115\"><img aria-describedby=\"caption-attachment-3115\" decoding=\"async\" loading=\"lazy\" class=\"size-full wp-image-3115\" src=\"http:\/\/www.campingverneda.com\/blog\/wp-content\/uploads\/2019\/05\/verneda-camping-mountain-resort-rutas-aran.jpg\" alt=\"\" width=\"600\" height=\"400\" srcset=\"https:\/\/www.campingverneda.com\/blog\/wp-content\/uploads\/2019\/05\/verneda-camping-mountain-resort-rutas-aran-200x133.jpg 200w, https:\/\/www.campingverneda.com\/blog\/wp-content\/uploads\/2019\/05\/verneda-camping-mountain-resort-rutas-aran-300x200.jpg 300w, https:\/\/www.campingverneda.com\/blog\/wp-content\/uploads\/2019\/05\/verneda-camping-mountain-resort-rutas-aran-400x267.jpg 400w, https:\/\/www.campingverneda.com\/blog\/wp-content\/uploads\/2019\/05\/verneda-camping-mountain-resort-rutas-aran.jpg 600w\" sizes=\"(max-width: 600px) 100vw, 600px\" \/><\/a><p id=\"caption-attachment-3115\" class=\"wp-caption-text\"><b>Excursi\u00f3n con ni\u00f1os a Aiguamoig<\/b><\/p><\/div>\n<p><b>Saut deth Pish: \u00a1Un<em> must<\/em> para visitar en familia!<\/b> El Saut deth Pish es una cascada emblem\u00e1tica de la Val d&#8217;Aran a la que\u00a0podemos acceder en coche desde la carretera que vira hacia Arr\u00f3s si bajamos en direcci\u00f3n Francia. Una pista en parte asfaltada que recorre el<b> Valle de Barrad\u00f3s<\/b> ofreciendo un paisaje \u00fanico que podremos disfrutar puesto que hay varios lugares en los que dejar el coche. Al final de la pista, encontraremos un p\u00e1rking para estacionar y de all\u00ed tomaremos el camino que lleva al Saut deth Pish y su mirador. Destacamos que podr\u00e9is encontrar <b>a 1 km de la zona de aparcamiento un \u00e1rea habilitada para el picnic y las barbacoas<\/b>, ideal para comer disfrutando del entorno.<span class=\"Apple-converted-space\">\u00a0<\/span><\/p>\n<p><b>Artiga de Lin: <\/b>Por \u00faltimo, no pod\u00edamos dejarnos la espectacular<b> Artiga de Lin.<\/b> <b>Cerquita del Camping<\/b>, encontramos la localidad de Es B\u00f2rdes, donde <b>nace la pista que recorre el espectacular bosque de Baricauba y nos deja postales \u00fanicas como el mirador de la Ermita dera Mair de Diu dera Artiga o la fuente natural del Gresilhon<\/b>. Cuando encontremos el cartel que indica la entrada de es Uelhs deth Jueu, podremos aparcar el veh\u00edculo. Es en esta zona donde \u201crenace\u201d el r\u00edo Jueu, y es que esta corriente de agua desaparece en el Valle de Benasque durante 4 km para volver a la superficie en este punto de la Val d&#8217;Aran (atravesando el Aneto subterr\u00e1neamente).<span class=\"Apple-converted-space\">\u00a0<\/span><\/p>\n<p>Desde este punto, deberemos tomar <b>el sendero que nos ha de llevar a la Artiga de Lin, un espectacular llano rodeado de monta\u00f1as que se ha convertido en todo un icono de la Val d&#8217;Ara<\/b>n.<span class=\"Apple-converted-space\">\u00a0<\/span><\/p>\n<p>Estas son unas breves recomendaciones de qu\u00e9 visitar para disfrutar de la monta\u00f1a con les pekes, aunque<b> os recordamos que en nuestra recepci\u00f3n encontrar\u00e9is distintos mapas y <\/b><a href=\"https:\/\/www.facebook.com\/VernedaCampingMountainResort\/\" target=\"_blank\" rel=\"noopener\"><b>nuestro staff<\/b><\/a><b> estar\u00e1 encantado de recomendaros m\u00e1s lugares y consejos<\/b>.<span class=\"Apple-converted-space\">\u00a0<\/span><\/p>\n","protected":false},"excerpt":{"rendered":"<p>Ahora que la nieve desaparece de las monta\u00f1as, es la mejor \u00e9poca para comenzar a explorar la extensa belleza del territorio aran\u00e9s. Una de las [&hellip;]<\/p>\n","protected":false},"author":1,"featured_media":3114,"comment_status":"open","ping_status":"open","sticky":false,"template":"","format":"standard","meta":[],"categories":[129,72],"tags":[890,1070,546,713,1082,1081,874,1080,911,1083,552,1020,818],"_links":{"self":[{"href":"https:\/\/www.campingverneda.com\/blog\/wp-json\/wp\/v2\/posts\/3113"}],"collection":[{"href":"https:\/\/www.campingverneda.com\/blog\/wp-json\/wp\/v2\/posts"}],"about":[{"href":"https:\/\/www.campingverneda.com\/blog\/wp-json\/wp\/v2\/types\/post"}],"author":[{"embeddable":true,"href":"https:\/\/www.campingverneda.com\/blog\/wp-json\/wp\/v2\/users\/1"}],"replies":[{"embeddable":true,"href":"https:\/\/www.campingverneda.com\/blog\/wp-json\/wp\/v2\/comments?post=3113"}],"version-history":[{"count":4,"href":"https:\/\/www.campingverneda.com\/blog\/wp-json\/wp\/v2\/posts\/3113\/revisions"}],"predecessor-version":[{"id":3119,"href":"https:\/\/www.campingverneda.com\/blog\/wp-json\/wp\/v2\/posts\/3113\/revisions\/3119"}],"wp:featuredmedia":[{"embeddable":true,"href":"https:\/\/www.campingverneda.com\/blog\/wp-json\/wp\/v2\/media\/3114"}],"wp:attachment":[{"href":"https:\/\/www.campingverneda.com\/blog\/wp-json\/wp\/v2\/media?parent=3113"}],"wp:term":[{"taxonomy":"category","embeddable":true,"href":"https:\/\/www.campingverneda.com\/blog\/wp-json\/wp\/v2\/categories?post=3113"},{"taxonomy":"post_tag","embeddable":true,"href":"https:\/\/www.campingverneda.com\/blog\/wp-json\/wp\/v2\/tags?post=3113"}],"curies":[{"name":"wp","href":"https:\/\/api.w.org\/{rel}","templated":true}]}}