{"id":3053,"date":"2019-03-28T11:50:22","date_gmt":"2019-03-28T11:50:22","guid":{"rendered":"http:\/\/www.campingverneda.com\/blog\/?p=3053"},"modified":"2019-05-03T14:06:56","modified_gmt":"2019-05-03T14:06:56","slug":"semana-santa-en-la-val-daran","status":"publish","type":"post","link":"https:\/\/www.campingverneda.com\/blog\/2019\/03\/28\/semana-santa-en-la-val-daran\/","title":{"rendered":"Semana Santa en la Val d&#8217;Aran"},"content":{"rendered":"<p>\u00a1Y por fin llega&#8230;! Semana Santa est\u00e1 a la vuelta de la esquina, y nosotrxs no podemos m\u00e1s que recibirla con los brazos abiertos. Y es que nos encanta. Es <strong>una de nuestras \u00e9pocas favoritas<\/strong> puesto que sirve como <strong>transici\u00f3n entre el invierno y la primavera<\/strong>&#8230; \u00a1y adem\u00e1s son vacaciones para toda la familia!<\/p>\n<p>Una \u00e9poca en la que <strong>se puede <a href=\"https:\/\/www.facebook.com\/VernedaCampingMountainResort\/\" target=\"_blank\" rel=\"noopener\">disfrutar de la Val d&#8217;Aran al 100%<\/a>,<\/strong> y es que mientras en las pistas sigue habiendo nieve, algunas monta\u00f1as van dejando tregua a los intr\u00e9pidos aventureros para <strong>poder explorar sin dificultad todos sus rincones<\/strong>.<\/p>\n<p>Las temperaturas no son tan fr\u00edas como en meses anteriores, y los d\u00edas poco a poco van <strong>d\u00e1ndonos m\u00e1s horas de sol y luces de primavera<\/strong>.<a href=\"http:\/\/www.campingverneda.com\/blog\/2019\/03\/28\/semana-santa-en-la-val-daran\/verneda-camping-mountain-resort-btt\/\" rel=\"attachment wp-att-3055\"><img decoding=\"async\" loading=\"lazy\" class=\"size-full wp-image-3055 alignright\" src=\"http:\/\/www.campingverneda.com\/blog\/wp-content\/uploads\/2019\/03\/verneda-camping-mountain-resort-btt.jpg\" alt=\"\" width=\"700\" height=\"525\" srcset=\"https:\/\/www.campingverneda.com\/blog\/wp-content\/uploads\/2019\/03\/verneda-camping-mountain-resort-btt-200x150.jpg 200w, https:\/\/www.campingverneda.com\/blog\/wp-content\/uploads\/2019\/03\/verneda-camping-mountain-resort-btt-300x225.jpg 300w, https:\/\/www.campingverneda.com\/blog\/wp-content\/uploads\/2019\/03\/verneda-camping-mountain-resort-btt-400x300.jpg 400w, https:\/\/www.campingverneda.com\/blog\/wp-content\/uploads\/2019\/03\/verneda-camping-mountain-resort-btt-600x450.jpg 600w, https:\/\/www.campingverneda.com\/blog\/wp-content\/uploads\/2019\/03\/verneda-camping-mountain-resort-btt.jpg 700w\" sizes=\"(max-width: 700px) 100vw, 700px\" \/><\/a><\/p>\n<p><strong>La Semana Santa es la temporada preferida por muchxs urbanitas para dar esos \u00faltimos coletazos con esqu\u00eds<\/strong>, aunque tambi\u00e9n son fechas id\u00f3neas para <strong>probar algo nuevo en la nieve<\/strong>&#8230; \u00bfQuiz\u00e1s una excursi\u00f3n en raquetas o atreverse con el esqu\u00ed de fondo? Sin dejar de lado el snowboard o el esqu\u00ed, tambi\u00e9n es una \u00e9poca genial para probar el r\u00e1fting, realizar una larga ruta de trekking o descubrir la Val d\u2019Aran a golpe de pedal con las numerosas rutas de BTT que se encuentran adaptadas por todo el territorio aran\u00e9s. \u00a1Hay actividades para todos los gustos!<\/p>\n<p>Claro est\u00e1 que nadie quiere perderse estos d\u00edas, puesto que para muchxs son el cierre de temporada y el buen ambiente est\u00e1 asegurado. Los comercios y restaurantes hosteleros trabajan a tope para dar ese \u00faltimo empuj\u00f3n a la temporada y <strong>que todxs lo terminemos pas\u00e1ndolo en grande<\/strong>.<\/p>\n<p>Adem\u00e1s, es el momento perfecto para aventurarse a descubrir los rincones secretos que esconden los pueblos araneses y disfrutar con la variedad de la cocina de la Val d\u2019Aran.<\/p>\n<p><strong>La Semana Santa es el periodo ideal para pulsar el bot\u00f3n de pausa, desconectar, encontrarse con unx mismo<\/strong> y darse un respiro m\u00e1s que merecido.<\/p>\n<p>Y si por el contrario, los d\u00edas se Semana Santa no os pod\u00f1eis escapar y prefer\u00eds hacerlo unos d\u00edas antes, hemos <strong>dise\u00f1ando una promoci\u00f3n especial para hacer m\u00e1s f\u00e1cil tu estancia en la Val d&#8217;Aran<\/strong>, adem\u00e1s de un precio incre\u00edble que har\u00e1 que no te lo pienses dos veces: <a href=\"https:\/\/thelisresa.webcamp.fr\/list.php?camping=verneda&amp;track=232019&amp;type=0&amp;typelocation=0&amp;nb_pers=0&amp;begin=12%2F04%2F2019&amp;end=16%2F04%2F2019&amp;duration=4&amp;beginType=0&amp;tolerance=0&amp;lang=es&amp;PHPSESSID=8vpig9q8i98tgrhueb96fu9vd1&amp;fbclid=IwAR2tjzpS-eI3OKudWvGgFK11baNV47S_vINowQ8ABRRFgQbE5iOCvvBdfgA\" target=\"_blank\" rel=\"noopener\">20% de descuento en nuestros bungalows del 11 al 16 de abril<\/a>.<\/p>\n<p>\u00a1Os esperamos para vivir una primavera llena de recuerdos inolvidables!<\/p>\n","protected":false},"excerpt":{"rendered":"<p>\u00a1Y por fin llega&#8230;! Semana Santa est\u00e1 a la vuelta de la esquina, y nosotrxs no podemos m\u00e1s que recibirla con los brazos abiertos. Y [&hellip;]<\/p>\n","protected":false},"author":1,"featured_media":3054,"comment_status":"open","ping_status":"open","sticky":false,"template":"","format":"standard","meta":[],"categories":[230],"tags":[890,1070,546,713,1046,1047,1045,874,911,1074,1075,1073,552,1020,818],"_links":{"self":[{"href":"https:\/\/www.campingverneda.com\/blog\/wp-json\/wp\/v2\/posts\/3053"}],"collection":[{"href":"https:\/\/www.campingverneda.com\/blog\/wp-json\/wp\/v2\/posts"}],"about":[{"href":"https:\/\/www.campingverneda.com\/blog\/wp-json\/wp\/v2\/types\/post"}],"author":[{"embeddable":true,"href":"https:\/\/www.campingverneda.com\/blog\/wp-json\/wp\/v2\/users\/1"}],"replies":[{"embeddable":true,"href":"https:\/\/www.campingverneda.com\/blog\/wp-json\/wp\/v2\/comments?post=3053"}],"version-history":[{"count":2,"href":"https:\/\/www.campingverneda.com\/blog\/wp-json\/wp\/v2\/posts\/3053\/revisions"}],"predecessor-version":[{"id":3057,"href":"https:\/\/www.campingverneda.com\/blog\/wp-json\/wp\/v2\/posts\/3053\/revisions\/3057"}],"wp:featuredmedia":[{"embeddable":true,"href":"https:\/\/www.campingverneda.com\/blog\/wp-json\/wp\/v2\/media\/3054"}],"wp:attachment":[{"href":"https:\/\/www.campingverneda.com\/blog\/wp-json\/wp\/v2\/media?parent=3053"}],"wp:term":[{"taxonomy":"category","embeddable":true,"href":"https:\/\/www.campingverneda.com\/blog\/wp-json\/wp\/v2\/categories?post=3053"},{"taxonomy":"post_tag","embeddable":true,"href":"https:\/\/www.campingverneda.com\/blog\/wp-json\/wp\/v2\/tags?post=3053"}],"curies":[{"name":"wp","href":"https:\/\/api.w.org\/{rel}","templated":true}]}}