{"id":3013,"date":"2019-03-19T09:46:14","date_gmt":"2019-03-19T09:46:14","guid":{"rendered":"http:\/\/www.campingverneda.com\/blog\/?p=3013"},"modified":"2019-03-28T12:32:06","modified_gmt":"2019-03-28T12:32:06","slug":"senderismo-en-la-val-daran","status":"publish","type":"post","link":"https:\/\/www.campingverneda.com\/blog\/2019\/03\/19\/senderismo-en-la-val-daran\/","title":{"rendered":"Senderismo en la Val d&#8217;Aran"},"content":{"rendered":"<p style=\"text-align: justify;\"><strong>En <a href=\"https:\/\/www.facebook.com\/VernedaCampingMountainResort\/\" target=\"_blank\" rel=\"noopener\">Verneda Camping Mountain Resort<\/a> nos apasiona el turismo activo<\/strong>. Una larga tradici\u00f3n divulgando el turismo responsable y el senderismo en la Val d\u2019Aran nos avala. Una pr\u00e1ctica tan arraigada al territorio aran\u00e9s, ha hecho que se convierta en el lugar de destino favorito para muchxs apasionandos de la monta\u00f1a.<\/p>\n<div id=\"attachment_3014\" style=\"width: 631px\" class=\"wp-caption alignright\"><a href=\"http:\/\/www.campingverneda.com\/blog\/2019\/03\/19\/senderismo-en-la-val-daran\/rutas_val_d_aran_setau_sageth\/\" rel=\"attachment wp-att-3014\"><img aria-describedby=\"caption-attachment-3014\" decoding=\"async\" loading=\"lazy\" class=\" wp-image-3014\" src=\"http:\/\/www.campingverneda.com\/blog\/wp-content\/uploads\/2019\/03\/rutas_val_d_aran_setau_sageth.jpg\" alt=\"\" width=\"621\" height=\"380\" srcset=\"https:\/\/www.campingverneda.com\/blog\/wp-content\/uploads\/2019\/03\/rutas_val_d_aran_setau_sageth-200x122.jpg 200w, https:\/\/www.campingverneda.com\/blog\/wp-content\/uploads\/2019\/03\/rutas_val_d_aran_setau_sageth-300x183.jpg 300w, https:\/\/www.campingverneda.com\/blog\/wp-content\/uploads\/2019\/03\/rutas_val_d_aran_setau_sageth-400x244.jpg 400w, https:\/\/www.campingverneda.com\/blog\/wp-content\/uploads\/2019\/03\/rutas_val_d_aran_setau_sageth-600x367.jpg 600w, https:\/\/www.campingverneda.com\/blog\/wp-content\/uploads\/2019\/03\/rutas_val_d_aran_setau_sageth.jpg 720w\" sizes=\"(max-width: 621px) 100vw, 621px\" \/><\/a><p id=\"caption-attachment-3014\" class=\"wp-caption-text\">Ruta Setau Sag\u00e8th<\/p><\/div>\n<p style=\"text-align: justify;\"><strong>La Val d&#8217;Aran ofrece cientos de km repartidos en distintas rutas y traves\u00edas de diferentes niveles<\/strong> en las que encontrar paisajes inigualables y disfrutar de la <strong>Naturaleza m\u00e1s virgen<\/strong>. Se encuentran<strong> clasificadas en la web <a href=\"http:\/\/www.visitvaldaran.com\/senderismo\/\" target=\"_blank\" rel=\"noopener\">Visit Val d&#8217;Aran<\/a><\/strong>, en un microsite donde ponen a nuestra disposici\u00f3n <strong>todo tipo de excursiones<\/strong>, desde paseos rurales a grandes rutas pasando por ascensiones de distintas pruebas relacionadas con el excursionismo (cada vez m\u00e1s presentes en la Val d&#8217;Aran).<\/p>\n<p style=\"text-align: justify;\">En Verneda Camping Mountain Resort somos amantes del turismo activo, y por ello desde nuestros inicios hemos trabajado para convertirnos en un lugar de referencia para aquelles aficionados de la monta\u00f1a que visitan la Val d\u2019Aran.<\/p>\n<p style=\"text-align: justify;\"><strong>Nuestro equipo est\u00e1 ampliamente formado y conoce a la perfecci\u00f3n la Val d\u2019Aran<\/strong> y os podr\u00e1n recomendar<strong> las rutas que mejor se adapten a vuestro nivel<\/strong>, consejos y lugares que s\u00ed o s\u00ed deb\u00e9is visitar. En nuestra recepci\u00f3n encontrar\u00e9is una <strong>amplia selecci\u00f3n de folletos, rutas y mapas<\/strong> en los que, junto a la ayuda de nuestro personal, dar\u00e9is con la excursi\u00f3n perfecta, sea cual sea vuestra experiencia.<\/p>\n<p style=\"text-align: justify;\">Adem\u00e1s, tambi\u00e9n os ofrecemos informaci\u00f3n sobre las <strong><a href=\"http:\/\/www.visitvielha.com\/es\/que-hacer\/senderismo-de-verano\/excursiones.html\" target=\"_blank\" rel=\"noopener\">grandes rutas<\/a> de la Val d\u2019Aran<\/strong> como la emblem\u00e1tica Carros de Foc, el <a href=\"http:\/\/www.visitvielha.com\/es\/que-hacer\/senderismo-de-verano\/excursiones\/camin-reiau-copy-bxWU-copy-YOk7-copy-QXXg-copy-MNdg-copy-q5dQ.html\" target=\"_blank\" rel=\"noopener\">Setau Sag\u00e8th<\/a> o la Carros de Foc.<\/p>\n<div id=\"attachment_3017\" style=\"width: 508px\" class=\"wp-caption alignleft\"><a href=\"http:\/\/www.campingverneda.com\/blog\/2019\/03\/19\/senderismo-en-la-val-daran\/verneda-camping-mountain-resort-6\/\" rel=\"attachment wp-att-3017\"><img aria-describedby=\"caption-attachment-3017\" decoding=\"async\" loading=\"lazy\" class=\" wp-image-3017\" src=\"http:\/\/www.campingverneda.com\/blog\/wp-content\/uploads\/2019\/03\/verneda-camping-mountain-resort-2.jpg\" alt=\"\" width=\"498\" height=\"332\" srcset=\"https:\/\/www.campingverneda.com\/blog\/wp-content\/uploads\/2019\/03\/verneda-camping-mountain-resort-2-200x133.jpg 200w, https:\/\/www.campingverneda.com\/blog\/wp-content\/uploads\/2019\/03\/verneda-camping-mountain-resort-2-300x200.jpg 300w, https:\/\/www.campingverneda.com\/blog\/wp-content\/uploads\/2019\/03\/verneda-camping-mountain-resort-2-400x267.jpg 400w, https:\/\/www.campingverneda.com\/blog\/wp-content\/uploads\/2019\/03\/verneda-camping-mountain-resort-2.jpg 600w\" sizes=\"(max-width: 498px) 100vw, 498px\" \/><\/a><p id=\"caption-attachment-3017\" class=\"wp-caption-text\">Explicaci\u00f3n al detalle de las rutas de la Val d&#8217;Aran<\/p><\/div>\n<p style=\"text-align: justify;\"><a href=\"https:\/\/www.instagram.com\/vida_verneda\/\" target=\"_blank\" rel=\"noopener\"><strong>Verneda Camping Mount<\/strong>ain Resort<\/a> est\u00e1 ideado<strong> para que pod\u00e1is encontrar todo lo que necesit\u00e9is en vuestro viaje<\/strong>: desde un descanso de ensue\u00f1o a wifi para consultar cualquier duda previa. Tambi\u00e9n nos mantenemos actualizados de la meteorolog\u00eda diaria de la Val d&#8217;Aran y os ayudamos en cualquier duda de material que pod\u00e1is tener, recomendando siempre lxs mejores profesionales.<\/p>\n<p style=\"text-align: justify;\">Cada ma\u00f1ana, nuestro personal elabora <strong>deliciosos picnics dise\u00f1ados para recuperar fuerzas en medio de la ruta<\/strong>, as\u00ed que no tendr\u00e9is ninguna preocupaci\u00f3n m\u00e1s que escoger qu\u00e9 lugar de este precioso valle quer\u00e9is descubrir. Eso s\u00ed, para que haya para todos, es importante avisar con antelaci\u00f3n el d\u00eda anterior.<\/p>\n<p style=\"text-align: justify;\">Siempre recomendamos y asesoramos sobre toda la informaci\u00f3n necesaria, y en caso de percance, disponemos de un <strong>botiqu\u00edn especial para solventar cualquier problema derivado de la ruta<\/strong>.<\/p>\n<p style=\"text-align: justify;\">\u00bfTodav\u00eda te lo est\u00e1s pensando? Si te apasiona el monta\u00f1ismo, o te gustar\u00eda empezar a aventurarte, ven a disfrutar de uno de los mejores lugares del Pirineo para su pr\u00e1ctica. Os esperamos con los brazos abiertos y a disposici\u00f3n de cualquier cosa que pod\u00e1is necesitar.<br \/>\n\u00a1Nos vemos pronto!<\/p>\n","protected":false},"excerpt":{"rendered":"<p>En Verneda Camping Mountain Resort nos apasiona el turismo activo. Una larga tradici\u00f3n divulgando el turismo responsable y el senderismo en la Val d\u2019Aran nos [&hellip;]<\/p>\n","protected":false},"author":1,"featured_media":3015,"comment_status":"open","ping_status":"open","sticky":false,"template":"","format":"standard","meta":[],"categories":[129],"tags":[658,713,1054,1053,358,1055,818],"_links":{"self":[{"href":"https:\/\/www.campingverneda.com\/blog\/wp-json\/wp\/v2\/posts\/3013"}],"collection":[{"href":"https:\/\/www.campingverneda.com\/blog\/wp-json\/wp\/v2\/posts"}],"about":[{"href":"https:\/\/www.campingverneda.com\/blog\/wp-json\/wp\/v2\/types\/post"}],"author":[{"embeddable":true,"href":"https:\/\/www.campingverneda.com\/blog\/wp-json\/wp\/v2\/users\/1"}],"replies":[{"embeddable":true,"href":"https:\/\/www.campingverneda.com\/blog\/wp-json\/wp\/v2\/comments?post=3013"}],"version-history":[{"count":14,"href":"https:\/\/www.campingverneda.com\/blog\/wp-json\/wp\/v2\/posts\/3013\/revisions"}],"predecessor-version":[{"id":3030,"href":"https:\/\/www.campingverneda.com\/blog\/wp-json\/wp\/v2\/posts\/3013\/revisions\/3030"}],"wp:featuredmedia":[{"embeddable":true,"href":"https:\/\/www.campingverneda.com\/blog\/wp-json\/wp\/v2\/media\/3015"}],"wp:attachment":[{"href":"https:\/\/www.campingverneda.com\/blog\/wp-json\/wp\/v2\/media?parent=3013"}],"wp:term":[{"taxonomy":"category","embeddable":true,"href":"https:\/\/www.campingverneda.com\/blog\/wp-json\/wp\/v2\/categories?post=3013"},{"taxonomy":"post_tag","embeddable":true,"href":"https:\/\/www.campingverneda.com\/blog\/wp-json\/wp\/v2\/tags?post=3013"}],"curies":[{"name":"wp","href":"https:\/\/api.w.org\/{rel}","templated":true}]}}