{"id":3007,"date":"2019-03-19T09:17:27","date_gmt":"2019-03-19T09:17:27","guid":{"rendered":"http:\/\/www.campingverneda.com\/blog\/?p=3007"},"modified":"2019-03-28T12:30:12","modified_gmt":"2019-03-28T12:30:12","slug":"reciclaje-val-d-aran","status":"publish","type":"post","link":"https:\/\/www.campingverneda.com\/blog\/2019\/03\/19\/reciclaje-val-d-aran\/","title":{"rendered":"Reciclaje en la Val d&#8217;Aran"},"content":{"rendered":"<p style=\"text-align: justify;\"><strong>Uno de los pilares fundamentales de <a href=\"https:\/\/www.instagram.com\/vida_verneda\/\" target=\"_blank\" rel=\"noopener\">Verneda Camping Mountain Resort<\/a>, ha sido siempre la ecolog\u00eda y el amor por el Medio Ambiente.<\/strong> Por ello, nos implicamos por hacer que nuestro Mountain Resort sea <strong>lo m\u00e1s ecol\u00f3gico posible<\/strong> y que nuestrxs visitantes conozcan la mejor manera de hacer turismo activo generando el <strong>m\u00ednimo impacto en la Naturaleza<\/strong>.<\/p>\n<p style=\"text-align: justify;\">Por suerte, cada vez son m\u00e1s las empresas y entidades que comienzan a seguir el ejemplo y se preocupan por mantener una pol\u00edtica ecol\u00f3gica necesaria para el bien com\u00fan.<\/p>\n<p style=\"text-align: justify;\">Uno de estos casos, es la iniciativa llevada a cabo por el Conselh Generau d&#8217;Aran, \u00f3rgano pol\u00edtico que se encarga del gobierno general del territorio. Se trata del <strong>punto limpio<\/strong>,<\/p>\n<div id=\"attachment_3008\" style=\"width: 710px\" class=\"wp-caption alignright\"><a href=\"http:\/\/www.campingverneda.com\/blog\/2019\/03\/19\/reciclaje-val-d-aran\/verneda_camping-mountain-resort\/\" rel=\"attachment wp-att-3008\"><img aria-describedby=\"caption-attachment-3008\" decoding=\"async\" loading=\"lazy\" class=\"size-full wp-image-3008\" src=\"http:\/\/www.campingverneda.com\/blog\/wp-content\/uploads\/2019\/03\/verneda_camping-mountain-resort.png\" alt=\"\" width=\"700\" height=\"491\" srcset=\"https:\/\/www.campingverneda.com\/blog\/wp-content\/uploads\/2019\/03\/verneda_camping-mountain-resort-200x140.png 200w, https:\/\/www.campingverneda.com\/blog\/wp-content\/uploads\/2019\/03\/verneda_camping-mountain-resort-300x210.png 300w, https:\/\/www.campingverneda.com\/blog\/wp-content\/uploads\/2019\/03\/verneda_camping-mountain-resort-400x281.png 400w, https:\/\/www.campingverneda.com\/blog\/wp-content\/uploads\/2019\/03\/verneda_camping-mountain-resort-600x421.png 600w, https:\/\/www.campingverneda.com\/blog\/wp-content\/uploads\/2019\/03\/verneda_camping-mountain-resort.png 700w\" sizes=\"(max-width: 700px) 100vw, 700px\" \/><\/a><p id=\"caption-attachment-3008\" class=\"wp-caption-text\">Actividad de reciclaje<\/p><\/div>\n<p style=\"text-align: justify;\">o punto verde, cuya funci\u00f3n es ser un <strong>espacio en el que se almacenen y reciclen los residuos previa y debidamente reciclados<\/strong>.<\/p>\n<p style=\"text-align: justify;\">La <strong>funci\u00f3n del punto limpio<\/strong> tambi\u00e9n es la de<strong> tratar con aquellos residuos especiales<\/strong> como pueden ser bater\u00edas, disolventes, electrodom\u00e9sticos, aceites, neum\u00e1ticos\u2026, para que eviten contaminar el ambiente.<\/p>\n<p style=\"text-align: justify;\">Otra iniciativa que nos parece genial, son los distintos puntos o comercios que disponen de contenedores en los que depositar <strong>tapones de pl\u00e1stico<\/strong>.<\/p>\n<p style=\"text-align: justify;\">Cada vez son m\u00e1s las campa\u00f1as solidarias que utilizan la recogida de tapones como motor para apoyar a distintas causas al obtener remuneraci\u00f3n econ\u00f3mica al reciclar el pl\u00e1stico. <strong>Los beneficios que se obtienen, se destinan bien a ayudar a mantener el Medio Ambiente<\/strong> en condiciones \u00f3ptimas o <strong>para apoyar la investigaci\u00f3n de enfermedades raras o ayudar a familias con miembros que padecen alguna enfermedad<\/strong>.<\/p>\n<p style=\"text-align: justify;\">Por ello, <strong>desde <a href=\"https:\/\/www.facebook.com\/VernedaCampingMountainResort\/\" target=\"_blank\" rel=\"noopener\">Verneda Camping Mountain Resort<\/a>, os animamos a continuar teniendo una actitud responsable a la hora de descubrir los paisajes \u00fanicos de la Val d&#8217;Aran y a seguir separando y reciclando los residuos<\/strong>. S\u00f3lo de esta manera, lograremos comenzar el cambio necesario para revertir la situaci\u00f3n y ayudar al planeta. \u00a1Nos necesita!<\/p>\n","protected":false},"excerpt":{"rendered":"<p>Uno de los pilares fundamentales de Verneda Camping Mountain Resort, ha sido siempre la ecolog\u00eda y el amor por el Medio Ambiente. Por ello, nos [&hellip;]<\/p>\n","protected":false},"author":1,"featured_media":3009,"comment_status":"open","ping_status":"open","sticky":false,"template":"","format":"standard","meta":[],"categories":[69],"tags":[890,546,713,1046,1047,1045,874,911,1051,1052,552,1020,818],"_links":{"self":[{"href":"https:\/\/www.campingverneda.com\/blog\/wp-json\/wp\/v2\/posts\/3007"}],"collection":[{"href":"https:\/\/www.campingverneda.com\/blog\/wp-json\/wp\/v2\/posts"}],"about":[{"href":"https:\/\/www.campingverneda.com\/blog\/wp-json\/wp\/v2\/types\/post"}],"author":[{"embeddable":true,"href":"https:\/\/www.campingverneda.com\/blog\/wp-json\/wp\/v2\/users\/1"}],"replies":[{"embeddable":true,"href":"https:\/\/www.campingverneda.com\/blog\/wp-json\/wp\/v2\/comments?post=3007"}],"version-history":[{"count":3,"href":"https:\/\/www.campingverneda.com\/blog\/wp-json\/wp\/v2\/posts\/3007\/revisions"}],"predecessor-version":[{"id":3012,"href":"https:\/\/www.campingverneda.com\/blog\/wp-json\/wp\/v2\/posts\/3007\/revisions\/3012"}],"wp:featuredmedia":[{"embeddable":true,"href":"https:\/\/www.campingverneda.com\/blog\/wp-json\/wp\/v2\/media\/3009"}],"wp:attachment":[{"href":"https:\/\/www.campingverneda.com\/blog\/wp-json\/wp\/v2\/media?parent=3007"}],"wp:term":[{"taxonomy":"category","embeddable":true,"href":"https:\/\/www.campingverneda.com\/blog\/wp-json\/wp\/v2\/categories?post=3007"},{"taxonomy":"post_tag","embeddable":true,"href":"https:\/\/www.campingverneda.com\/blog\/wp-json\/wp\/v2\/tags?post=3007"}],"curies":[{"name":"wp","href":"https:\/\/api.w.org\/{rel}","templated":true}]}}