{"id":2934,"date":"2019-03-07T10:54:20","date_gmt":"2019-03-07T10:54:20","guid":{"rendered":"http:\/\/www.campingverneda.com\/blog\/?p=2934"},"modified":"2020-09-03T16:51:02","modified_gmt":"2020-09-03T16:51:02","slug":"rutas-de-invierno-en-la-val-daran-con-la-familia","status":"publish","type":"post","link":"https:\/\/www.campingverneda.com\/blog\/2019\/03\/07\/rutas-de-invierno-en-la-val-daran-con-la-familia\/","title":{"rendered":"Rutas de invierno en la Val d&#8217;Aran con la familia"},"content":{"rendered":"<p style=\"text-align: justify;\">El<strong> uso de raquetas de nieve<\/strong> es una pr\u00e1ctica que a\u00f1o tras a\u00f1o gana m\u00e1s adeptos y cada vez es m\u00e1s com\u00fan ver a personas paseando por la <strong>Naturaleza de la Val d&#8217;Aran<\/strong> con estos artilugios ideados para que la nieve no frene nuestras ganas de explorar y conocer.<\/p>\n<div id=\"attachment_2940\" style=\"width: 579px\" class=\"wp-caption alignleft\"><a href=\"http:\/\/www.campingverneda.com\/blog\/2019\/03\/07\/rutas-de-invierno-en-la-val-daran-con-la-familia\/verneda-rutas-inveirno-val-d-aran\/\" rel=\"attachment wp-att-2940\"><img aria-describedby=\"caption-attachment-2940\" decoding=\"async\" loading=\"lazy\" class=\" wp-image-2940\" src=\"http:\/\/www.campingverneda.com\/blog\/wp-content\/uploads\/2019\/03\/verneda-rutas-inveirno-val-d-aran.jpg\" alt=\"\" width=\"569\" height=\"402\" srcset=\"https:\/\/www.campingverneda.com\/blog\/wp-content\/uploads\/2019\/03\/verneda-rutas-inveirno-val-d-aran-200x141.jpg 200w, https:\/\/www.campingverneda.com\/blog\/wp-content\/uploads\/2019\/03\/verneda-rutas-inveirno-val-d-aran-300x212.jpg 300w, https:\/\/www.campingverneda.com\/blog\/wp-content\/uploads\/2019\/03\/verneda-rutas-inveirno-val-d-aran-400x283.jpg 400w, https:\/\/www.campingverneda.com\/blog\/wp-content\/uploads\/2019\/03\/verneda-rutas-inveirno-val-d-aran-600x424.jpg 600w, https:\/\/www.campingverneda.com\/blog\/wp-content\/uploads\/2019\/03\/verneda-rutas-inveirno-val-d-aran-768x543.jpg 768w, https:\/\/www.campingverneda.com\/blog\/wp-content\/uploads\/2019\/03\/verneda-rutas-inveirno-val-d-aran-800x566.jpg 800w, https:\/\/www.campingverneda.com\/blog\/wp-content\/uploads\/2019\/03\/verneda-rutas-inveirno-val-d-aran.jpg 945w\" sizes=\"(max-width: 569px) 100vw, 569px\" \/><\/a><p id=\"caption-attachment-2940\" class=\"wp-caption-text\">Excursi\u00f3n en familia por el Camin Reiau<\/p><\/div>\n<p style=\"text-align: justify;\">En <a href=\"https:\/\/www.instagram.com\/vida_verneda\/\" target=\"_blank\" rel=\"noopener\">Verneda Camping Mountain Resort<\/a>, tenemos la suerte de estar ubicados en un lugar id\u00f3neo para realizar excursiones en raquetas, y hoy os queremos traer tres de ellas, las cuales tienen acceso desde nuestra ubicaci\u00f3n.<\/p>\n<p style=\"text-align: justify;\"><strong>Camin Reiau<\/strong><\/p>\n<p style=\"text-align: justify;\">El Camin Reiau es el nombre por el que se conoce un camino construido por los romanos en su estancia en la Val d&#8217;Aran. Se trata de <strong>una pista que comunica uno tras<\/strong><\/p>\n<p style=\"text-align: justify;\"><strong>otro los pueblos araneses<\/strong>, y que tuvo y sigue teniendo una importancia significativa puesto que ha sido durante siglos uno de los caminos m\u00e1s transitados. <strong><a href=\"https:\/\/www.facebook.com\/VernedaCampingMountainResort\/\" target=\"_blank\" rel=\"noopener\">Desde nuestra ubicaci\u00f3n<\/a>, podremos acceder sin apenas salir del recinto al Camin Reiau<\/strong>, y aprovechar para recorrerlo en raquetas mientras nos acercamos al pueblo vecino de Es B\u00f2rdes, en el que su iglesia todav\u00eda conserva las marcas del paso de la invasi\u00f3n de los Maquis en 1944. Una ruta f\u00e1cil y que <strong>podr\u00e9is realizar con toda la familia<\/strong>.<\/p>\n<p>&nbsp;<\/p>\n<p style=\"text-align: justify;\"><strong>Bassa d\u2019Arres<\/strong><\/p>\n<p style=\"text-align: justify;\">A 1560m de altitud, se encuentra la Bassa d\u2019Arres, lugar al que podemos acceder en coche y que es una de las<strong> mejores zonas para realizar un buen picnic<\/strong> (s\u00ed las temperaturas invernales nos dejan). Adem\u00e1s de visitar la balsa, desde este punto podemos realizar la excursi\u00f3n que nos lleva a las antiguas minas Victoria. Tan s\u00f3lo hay que tomar el caminito situado tras las barbacoas para llegar a ellas. En verano, tendr\u00e9is la oportunidad de visitarlas con un\/a gu\u00eda y descubrir el pasado minero de la Val d\u2019Aran. Para realizar esta excursi\u00f3n, os recomendamos que s\u00ed quer\u00e9is caminar por los alrededores de la Bassa,<\/p>\n<div id=\"attachment_2935\" style=\"width: 564px\" class=\"wp-caption alignright\"><a href=\"http:\/\/www.campingverneda.com\/blog\/2019\/03\/07\/rutas-de-invierno-en-la-val-daran-con-la-familia\/verneda-mountain-resort-coth-de-baretja\/\" rel=\"attachment wp-att-2935\"><img aria-describedby=\"caption-attachment-2935\" decoding=\"async\" loading=\"lazy\" class=\" wp-image-2935\" src=\"http:\/\/www.campingverneda.com\/blog\/wp-content\/uploads\/2019\/03\/verneda-mountain-resort-coth-de-baretja.jpg\" alt=\"\" width=\"554\" height=\"391\" srcset=\"https:\/\/www.campingverneda.com\/blog\/wp-content\/uploads\/2019\/03\/verneda-mountain-resort-coth-de-baretja-200x141.jpg 200w, https:\/\/www.campingverneda.com\/blog\/wp-content\/uploads\/2019\/03\/verneda-mountain-resort-coth-de-baretja-300x212.jpg 300w, https:\/\/www.campingverneda.com\/blog\/wp-content\/uploads\/2019\/03\/verneda-mountain-resort-coth-de-baretja-400x283.jpg 400w, https:\/\/www.campingverneda.com\/blog\/wp-content\/uploads\/2019\/03\/verneda-mountain-resort-coth-de-baretja-600x424.jpg 600w, https:\/\/www.campingverneda.com\/blog\/wp-content\/uploads\/2019\/03\/verneda-mountain-resort-coth-de-baretja-768x543.jpg 768w, https:\/\/www.campingverneda.com\/blog\/wp-content\/uploads\/2019\/03\/verneda-mountain-resort-coth-de-baretja-800x566.jpg 800w, https:\/\/www.campingverneda.com\/blog\/wp-content\/uploads\/2019\/03\/verneda-mountain-resort-coth-de-baretja.jpg 945w\" sizes=\"(max-width: 554px) 100vw, 554px\" \/><\/a><p id=\"caption-attachment-2935\" class=\"wp-caption-text\">Panor\u00e1mica desde el Coth de Baretja<\/p><\/div>\n<p style=\"text-align: justify;\">llev\u00e9is con vosotros unas raquetas de nieve, porque pueden haber ciertos puntos en los que sean necesarias.<\/p>\n<p style=\"text-align: justify;\"><strong>C\u00f2th de Baretja<\/strong><\/p>\n<p style=\"text-align: justify;\">Situada en el <strong>paso fronterizo del Portilhon<\/strong>, en el Baish Aran, encontramos esta ruta que asciende hasta el Tuc d\u2019Aub\u00e0s y nos brinda una <strong>espectacular vista del Valle de Pica en Francia.<\/strong> Deberemos acceder a la pista que conduce hacia el C\u00f2th de Baretja hasta llegar a la cabana deth Cap deth B\u00f2sc. Aqu\u00ed continuaremos por la parte central hasta que lleguemos al C\u00f2th de Baretja (con dos caba\u00f1as como referencia), una situada en la zona aranesa y la otra en territorio franc\u00e9s. Para los m\u00e1s atrevidos, desde este punto giraremos al este para ascender los 300 metros que llevan a la cima del Tuc d\u2019Aub\u00e1s y disfrutar de una vista espectacular.<\/p>\n<p style=\"text-align: justify;\">\u00bfQuieres conocer m\u00e1s rutas para tus escapadas a los Pirineos? S\u00edguenos en nuestra redes sociales y redescrubre la Val d\u2019Aran.<\/p>\n","protected":false},"excerpt":{"rendered":"<p>El uso de raquetas de nieve es una pr\u00e1ctica que a\u00f1o tras a\u00f1o gana m\u00e1s adeptos y cada vez es m\u00e1s com\u00fan ver a personas [&hellip;]<\/p>\n","protected":false},"author":1,"featured_media":2938,"comment_status":"open","ping_status":"open","sticky":false,"template":"","format":"standard","meta":[],"categories":[71,73,129,72],"tags":[],"_links":{"self":[{"href":"https:\/\/www.campingverneda.com\/blog\/wp-json\/wp\/v2\/posts\/2934"}],"collection":[{"href":"https:\/\/www.campingverneda.com\/blog\/wp-json\/wp\/v2\/posts"}],"about":[{"href":"https:\/\/www.campingverneda.com\/blog\/wp-json\/wp\/v2\/types\/post"}],"author":[{"embeddable":true,"href":"https:\/\/www.campingverneda.com\/blog\/wp-json\/wp\/v2\/users\/1"}],"replies":[{"embeddable":true,"href":"https:\/\/www.campingverneda.com\/blog\/wp-json\/wp\/v2\/comments?post=2934"}],"version-history":[{"count":11,"href":"https:\/\/www.campingverneda.com\/blog\/wp-json\/wp\/v2\/posts\/2934\/revisions"}],"predecessor-version":[{"id":2948,"href":"https:\/\/www.campingverneda.com\/blog\/wp-json\/wp\/v2\/posts\/2934\/revisions\/2948"}],"wp:featuredmedia":[{"embeddable":true,"href":"https:\/\/www.campingverneda.com\/blog\/wp-json\/wp\/v2\/media\/2938"}],"wp:attachment":[{"href":"https:\/\/www.campingverneda.com\/blog\/wp-json\/wp\/v2\/media?parent=2934"}],"wp:term":[{"taxonomy":"category","embeddable":true,"href":"https:\/\/www.campingverneda.com\/blog\/wp-json\/wp\/v2\/categories?post=2934"},{"taxonomy":"post_tag","embeddable":true,"href":"https:\/\/www.campingverneda.com\/blog\/wp-json\/wp\/v2\/tags?post=2934"}],"curies":[{"name":"wp","href":"https:\/\/api.w.org\/{rel}","templated":true}]}}