{"id":2800,"date":"2019-02-27T12:03:15","date_gmt":"2019-02-27T12:03:15","guid":{"rendered":"http:\/\/www.campingverneda.com\/blog\/?p=2800"},"modified":"2019-03-19T12:31:16","modified_gmt":"2019-03-19T12:31:16","slug":"san-jose-en-familia-en-la-val-daran","status":"publish","type":"post","link":"https:\/\/www.campingverneda.com\/blog\/2019\/02\/27\/san-jose-en-familia-en-la-val-daran\/","title":{"rendered":"San Jos\u00e9 en familia en la Val d&#8217;Aran"},"content":{"rendered":"<p style=\"text-align: justify;\">El d\u00eda del Padre ya est\u00e1 a la vuelta de la esquina, y es una de esas fechas que nos encanta celebrar con todxs vosotrxs, y es que es una de esas fechas en las que nos preparamos a tope para recibir a todas las familias para disfrutar de los mejores momentos haciendo cosas nuevas, pero todxs juntxs en familia.<\/p>\n<p style=\"text-align: justify;\">Como cada a\u00f1o, <strong>desde <a href=\"https:\/\/www.facebook.com\/VernedaCampingMountainResort\/\" target=\"_blank\" rel=\"noopener\">Verneda Camping Mountain Resort<\/a> preparamos con mucho cari\u00f1o uno de los puentes m\u00e1s especiales del a\u00f1o<\/strong>, el cual coincide con el inicio de la \u00e9poca de deshielo y permite disfrutar de \u201cdos Val d&#8217;Aran\u201d distintas. Por una parte, <strong>la estaci\u00f3n de esqu\u00ed sigue a pleno rendimiento y con condiciones muy favorables<\/strong>, y por otro lado l<strong>as cotas m\u00e1s bajas comienzan a dejar ver de nuevo el verde y nos permiten recorrer rutas<\/strong> que hasta hace pocas semanas se nos presentaban imposibles de hacer sin raquetas de nieve.<\/p>\n<div class=\"fusion-fullwidth fullwidth-box hundred-percent-fullwidth non-hundred-percent-height-scrolling\"  style='background-color: rgba(255,255,255,0);background-position: center center;background-repeat: no-repeat;padding-top:0px;padding-right:30px;padding-bottom:0px;padding-left:30px;border-top-width:0px;border-bottom-width:0px;border-color:#eae9e9;border-top-style:solid;border-bottom-style:solid;'><div class=\"fusion-builder-row fusion-row \"><div  class=\"fusion-layout-column fusion_builder_column fusion_builder_column_1_1  fusion-one-full fusion-column-first fusion-column-last fusion-column-no-min-height 1_1\"  style='margin-top:0px;margin-bottom:0px;'>\n\t\t\t\t\t<div class=\"fusion-column-wrapper\" style=\"background-position:left top;background-repeat:no-repeat;-webkit-background-size:cover;-moz-background-size:cover;-o-background-size:cover;background-size:cover;\"   data-bg-url=\"\">\n\t\t\t\t\t\t\n<div id=\"attachment_2803\" style=\"width: 955px\" class=\"wp-caption alignnone\"><a href=\"http:\/\/www.campingverneda.com\/blog\/2019\/02\/27\/san-jose-en-familia-en-la-val-daran\/verneda-camping-mountain-resort-val-d-aran-8\/\" rel=\"attachment wp-att-2803\"><img aria-describedby=\"caption-attachment-2803\" decoding=\"async\" loading=\"lazy\" class=\"size-full wp-image-2803\" src=\"http:\/\/www.campingverneda.com\/blog\/wp-content\/uploads\/2019\/02\/verneda-camping-mountain-resort-val-d-aran-2.jpg\" alt=\"\" width=\"945\" height=\"668\" srcset=\"https:\/\/www.campingverneda.com\/blog\/wp-content\/uploads\/2019\/02\/verneda-camping-mountain-resort-val-d-aran-2-300x212.jpg 300w, https:\/\/www.campingverneda.com\/blog\/wp-content\/uploads\/2019\/02\/verneda-camping-mountain-resort-val-d-aran-2-600x424.jpg 600w, https:\/\/www.campingverneda.com\/blog\/wp-content\/uploads\/2019\/02\/verneda-camping-mountain-resort-val-d-aran-2-768x543.jpg 768w, https:\/\/www.campingverneda.com\/blog\/wp-content\/uploads\/2019\/02\/verneda-camping-mountain-resort-val-d-aran-2.jpg 945w\" sizes=\"(max-width: 945px) 100vw, 945px\" \/><\/a><p id=\"caption-attachment-2803\" class=\"wp-caption-text\">Paseos de invierno por el Baish Aran<\/p><\/div>\n<p style=\"text-align: justify;\"><strong>San Jos\u00e9 es una de las mejores \u00e9pocas para disfrutar del invierno aran\u00e9s en estado puro pero sin la masificaci\u00f3n que se vive en otras \u00e9pocas<\/strong> como la Semana Santa o la Navidad. Es \u00e9poca de largos paseos con vuestros amigos peludos, momentos \u00fanicos descubriendo los paisajes m\u00e1s rec\u00f3nditos de la Val d&#8217;Aran o l<strong>argas jornadas de esqu\u00ed en Baqueira Beret<\/strong> que culminan con tardes de apr\u00e9s-ski inolvidables.<\/p>\n<div class=\"fusion-clearfix\"><\/div>\n\n\t\t\t\t\t<\/div>\n\t\t\t\t<\/div><div  class=\"fusion-layout-column fusion_builder_column fusion_builder_column_1_1  fusion-one-full fusion-column-first fusion-column-last fusion-column-no-min-height 1_1\"  style='margin-top:0px;margin-bottom:0px;'>\n\t\t\t\t\t<div class=\"fusion-column-wrapper\" style=\"background-position:left top;background-repeat:no-repeat;-webkit-background-size:cover;-moz-background-size:cover;-o-background-size:cover;background-size:cover;\"   data-bg-url=\"\">\n\t\t\t\t\t\t\n<div id=\"attachment_2802\" style=\"width: 955px\" class=\"wp-caption alignnone\"><a href=\"http:\/\/www.campingverneda.com\/blog\/2019\/02\/27\/san-jose-en-familia-en-la-val-daran\/baqueira_beret_esquar_val_d_aran\/\" rel=\"attachment wp-att-2802\"><img aria-describedby=\"caption-attachment-2802\" decoding=\"async\" loading=\"lazy\" class=\"size-full wp-image-2802\" src=\"http:\/\/www.campingverneda.com\/blog\/wp-content\/uploads\/2019\/02\/baqueira_beret_esquar_val_d_aran.jpg\" alt=\"\" width=\"945\" height=\"668\" srcset=\"https:\/\/www.campingverneda.com\/blog\/wp-content\/uploads\/2019\/02\/baqueira_beret_esquar_val_d_aran-300x212.jpg 300w, https:\/\/www.campingverneda.com\/blog\/wp-content\/uploads\/2019\/02\/baqueira_beret_esquar_val_d_aran-600x424.jpg 600w, https:\/\/www.campingverneda.com\/blog\/wp-content\/uploads\/2019\/02\/baqueira_beret_esquar_val_d_aran-768x543.jpg 768w, https:\/\/www.campingverneda.com\/blog\/wp-content\/uploads\/2019\/02\/baqueira_beret_esquar_val_d_aran.jpg 945w\" sizes=\"(max-width: 945px) 100vw, 945px\" \/><\/a><p id=\"caption-attachment-2802\" class=\"wp-caption-text\">Fuente: Baqueira Beret<\/p><\/div>\n<p style=\"text-align: justify;\">Es la \u00e9poca en la que las precipitaciones permiten que caminemos por la capital aranesa en busca de los sabores propios de la tierra, perfecta para disfrutar en familia, coleccionar momentos y experiencias gastron\u00f3micas \u00fanicas.<\/p>\n<p style=\"text-align: justify;\"><strong>\u00bfSe os ocurre mejor manera para celebrar el D\u00eda del Padre?<\/strong> No hay nada mejor que huir del materialismo y regalar <a href=\"https:\/\/www.instagram.com\/vida_verneda\" target=\"_blank\" rel=\"noopener\">momentos y experiencias en familia<\/a> que perdurar\u00e1n a lo largo de los a\u00f1os y har\u00e1n de esta escapada un recuerdo magn\u00edfico.<\/p>\n<p style=\"text-align: justify;\">Por ello, hemos querido pon\u00e9roslo f\u00e1cil y hemos dise\u00f1ado una<a href=\"https:\/\/thelisresa.webcamp.fr\/list.php?camping=verneda&amp;track=3112019&amp;type=0&amp;typelocation=0&amp;nb_pers=0&amp;begin=15%2F03%2F2019&amp;end=19%2F03%2F2019&amp;duration=4&amp;beginType=0&amp;tolerance=1&amp;lang=es&amp;PHPSESSID=6rsfdh6lnkak08cad29uj7r0r3\" target=\"_blank\" rel=\"noopener\"> oferta \u00fanica<\/a> y apta para todos los bolsillos:<\/p>\n<div class=\"fusion-clearfix\"><\/div>\n\n\t\t\t\t\t<\/div>\n\t\t\t\t<\/div><div  class=\"fusion-layout-column fusion_builder_column fusion_builder_column_1_1  fusion-one-full fusion-column-first fusion-column-last fusion-column-no-min-height 1_1\"  style='margin-top:0px;margin-bottom:0px;'>\n\t\t\t\t\t<div class=\"fusion-column-wrapper\" style=\"background-position:left top;background-repeat:no-repeat;-webkit-background-size:cover;-moz-background-size:cover;-o-background-size:cover;background-size:cover;\"   data-bg-url=\"\">\n\t\t\t\t\t\t\n<div id=\"attachment_2804\" style=\"width: 955px\" class=\"wp-caption alignnone\"><a href=\"http:\/\/www.campingverneda.com\/blog\/2019\/02\/27\/san-jose-en-familia-en-la-val-daran\/verneda-bungalows-val-d-aran\/\" rel=\"attachment wp-att-2804\"><img aria-describedby=\"caption-attachment-2804\" decoding=\"async\" loading=\"lazy\" class=\"size-full wp-image-2804\" src=\"http:\/\/www.campingverneda.com\/blog\/wp-content\/uploads\/2019\/02\/verneda-bungalows-val-d-aran.png\" alt=\"\" width=\"945\" height=\"668\" srcset=\"https:\/\/www.campingverneda.com\/blog\/wp-content\/uploads\/2019\/02\/verneda-bungalows-val-d-aran-300x212.png 300w, https:\/\/www.campingverneda.com\/blog\/wp-content\/uploads\/2019\/02\/verneda-bungalows-val-d-aran-600x424.png 600w, https:\/\/www.campingverneda.com\/blog\/wp-content\/uploads\/2019\/02\/verneda-bungalows-val-d-aran-768x543.png 768w, https:\/\/www.campingverneda.com\/blog\/wp-content\/uploads\/2019\/02\/verneda-bungalows-val-d-aran.png 945w\" sizes=\"(max-width: 945px) 100vw, 945px\" \/><\/a><p id=\"caption-attachment-2804\" class=\"wp-caption-text\">Promoci\u00f3n para el Puente de San Jos\u00e9 en nuestros bungalows<\/p><\/div>\n<p style=\"text-align: justify;\">\u00bfTodos a bordo? Os esperamos en nuestro para\u00edso de monta\u00f1a.<\/p>\n<div class=\"fusion-clearfix\"><\/div>\n\n\t\t\t\t\t<\/div>\n\t\t\t\t<\/div><\/div><\/div>\n","protected":false},"excerpt":{"rendered":"<p>El d\u00eda del Padre ya est\u00e1 a la vuelta de la esquina, y es una de esas fechas que nos encanta celebrar con todxs vosotrxs, [&hellip;]<\/p>\n","protected":false},"author":1,"featured_media":2801,"comment_status":"open","ping_status":"open","sticky":false,"template":"","format":"standard","meta":[],"categories":[71,73,72],"tags":[890,546,713,1046,1047,1045,874,911,1048,552,1020,818],"_links":{"self":[{"href":"https:\/\/www.campingverneda.com\/blog\/wp-json\/wp\/v2\/posts\/2800"}],"collection":[{"href":"https:\/\/www.campingverneda.com\/blog\/wp-json\/wp\/v2\/posts"}],"about":[{"href":"https:\/\/www.campingverneda.com\/blog\/wp-json\/wp\/v2\/types\/post"}],"author":[{"embeddable":true,"href":"https:\/\/www.campingverneda.com\/blog\/wp-json\/wp\/v2\/users\/1"}],"replies":[{"embeddable":true,"href":"https:\/\/www.campingverneda.com\/blog\/wp-json\/wp\/v2\/comments?post=2800"}],"version-history":[{"count":6,"href":"https:\/\/www.campingverneda.com\/blog\/wp-json\/wp\/v2\/posts\/2800\/revisions"}],"predecessor-version":[{"id":2993,"href":"https:\/\/www.campingverneda.com\/blog\/wp-json\/wp\/v2\/posts\/2800\/revisions\/2993"}],"wp:featuredmedia":[{"embeddable":true,"href":"https:\/\/www.campingverneda.com\/blog\/wp-json\/wp\/v2\/media\/2801"}],"wp:attachment":[{"href":"https:\/\/www.campingverneda.com\/blog\/wp-json\/wp\/v2\/media?parent=2800"}],"wp:term":[{"taxonomy":"category","embeddable":true,"href":"https:\/\/www.campingverneda.com\/blog\/wp-json\/wp\/v2\/categories?post=2800"},{"taxonomy":"post_tag","embeddable":true,"href":"https:\/\/www.campingverneda.com\/blog\/wp-json\/wp\/v2\/tags?post=2800"}],"curies":[{"name":"wp","href":"https:\/\/api.w.org\/{rel}","templated":true}]}}