{"id":2781,"date":"2019-02-18T16:52:57","date_gmt":"2019-02-18T16:52:57","guid":{"rendered":"http:\/\/www.campingverneda.com\/blog\/?p=2781"},"modified":"2019-03-31T11:27:17","modified_gmt":"2019-03-31T11:27:17","slug":"momentos-favoritos-en-invierno-en-la-val-daran","status":"publish","type":"post","link":"https:\/\/www.campingverneda.com\/blog\/2019\/02\/18\/momentos-favoritos-en-invierno-en-la-val-daran\/","title":{"rendered":"Momentos favoritos en invierno en la Val d\u2019Aran"},"content":{"rendered":"\r\n<p>El invierno es<strong> nuestra \u00e9poca favorita del a\u00f1o para disfrutar de la calidez y lo acogedores que son nuestros bungalows<\/strong>, adem\u00e1s de poder disfrutar las pistas de Baqueira<img decoding=\"async\" loading=\"lazy\" class=\"wp-image-2782 alignright\" src=\"http:\/\/www.campingverneda.com\/blog\/wp-content\/uploads\/2019\/02\/verneda-camping-mountain-resort-val-d-aran.jpg\" alt=\"\" width=\"578\" height=\"409\" srcset=\"https:\/\/www.campingverneda.com\/blog\/wp-content\/uploads\/2019\/02\/verneda-camping-mountain-resort-val-d-aran-300x212.jpg 300w, https:\/\/www.campingverneda.com\/blog\/wp-content\/uploads\/2019\/02\/verneda-camping-mountain-resort-val-d-aran-600x425.jpg 600w, https:\/\/www.campingverneda.com\/blog\/wp-content\/uploads\/2019\/02\/verneda-camping-mountain-resort-val-d-aran-768x543.jpg 768w, https:\/\/www.campingverneda.com\/blog\/wp-content\/uploads\/2019\/02\/verneda-camping-mountain-resort-val-d-aran.jpg 944w\" sizes=\"(max-width: 578px) 100vw, 578px\" \/> Beret. Hoy queremos proponeros algunos planes alternativos a la nieve para que pod\u00e1is disfrutar del invierno aran\u00e9s a lo #VIDAVerneda, con un TOP5 de nuestros momentos y lugares favoritos.<\/p>\r\n\r\n\r\n\r\n<p><strong>Paisaje: <\/strong><\/p>\r\n\r\n\r\n\r\n<p>Un lugar para regalar a la vista<strong> uno de los mejores paisajes de la Val d&#8217;Aran es el mirador de Vilam\u00f3s<\/strong>. Situado a algunos metros por encima de la localidad, este mirador nos ofrece una <strong>excelente vista de las monta\u00f1as del Baish Aran y el Aneto<\/strong> que realmente merecen la pena verlas nevadas.<\/p>\r\n\r\n\r\n\r\n<p><strong>Ruta de raquetas: <\/strong><\/p>\r\n\r\n\r\n\r\n<figure class=\"wp-block-image\">\r\n<figcaption>Excursi\u00f3n con raquetas por el valle de Horno, en Vielha<\/figcaption>\r\n<\/figure>\r\n\r\n\r\n\r\n<p>\u00bfQui\u00e9n dijo que la nieve era s\u00f3lo para esquiar? Cada vez son m\u00e1s lxs que se atreven con las <strong>raquetas de nieve<\/strong>, y es que es una manera singular de conocer los secretos de la Val d&#8217;Aran. Hay much\u00edsimas rutas para realizar, y <strong>en nuestra recepci\u00f3n estaremos encantadxs de recomendaros las que mejor se adapten a vuestro nivel<\/strong>. Una de nuestras favoritas es <strong>la que asciende hasta la antigua estaci\u00f3n de esqu\u00ed de la Tuca<\/strong>. Se trata de un recorrido excelente para descubrir la estaci\u00f3n hoy en d\u00eda abandonada y poder disfrutar de unas <strong>excelentes vistas de la capital aranesa y del Malh Blanc<\/strong>, una vez llegados a los 2200 metros.<\/p>\r\n\r\n\r\n\r\n<p><strong>Plan de tarde: <\/strong><\/p>\r\n\r\n\r\n\r\n<figure class=\"wp-block-image\">\r\n<figcaption>\r\n<div id=\"attachment_3064\" style=\"width: 614px\" class=\"wp-caption alignleft\"><a href=\"http:\/\/www.campingverneda.com\/blog\/2019\/02\/18\/momentos-favoritos-en-invierno-en-la-val-daran\/ecomuseu_joanchiquet_val_d_aran\/\" rel=\"attachment wp-att-3064\"><img aria-describedby=\"caption-attachment-3064\" decoding=\"async\" loading=\"lazy\" class=\"wp-image-3064 \" src=\"http:\/\/www.campingverneda.com\/blog\/wp-content\/uploads\/2019\/02\/ecomuseu_joanchiquet_val_d_aran.jpg\" alt=\"\" width=\"604\" height=\"405\" srcset=\"https:\/\/www.campingverneda.com\/blog\/wp-content\/uploads\/2019\/02\/ecomuseu_joanchiquet_val_d_aran-200x134.jpg 200w, https:\/\/www.campingverneda.com\/blog\/wp-content\/uploads\/2019\/02\/ecomuseu_joanchiquet_val_d_aran-300x201.jpg 300w, https:\/\/www.campingverneda.com\/blog\/wp-content\/uploads\/2019\/02\/ecomuseu_joanchiquet_val_d_aran-400x268.jpg 400w, https:\/\/www.campingverneda.com\/blog\/wp-content\/uploads\/2019\/02\/ecomuseu_joanchiquet_val_d_aran-600x402.jpg 600w, https:\/\/www.campingverneda.com\/blog\/wp-content\/uploads\/2019\/02\/ecomuseu_joanchiquet_val_d_aran.jpg 700w\" sizes=\"(max-width: 604px) 100vw, 604px\" \/><\/a><p id=\"caption-attachment-3064\" class=\"wp-caption-text\">Ecomuseo de Joanchiquet, en Vilam\u00f2s<\/p><\/div>\r\n<\/figcaption>\r\n<\/figure>\r\n\r\n\r\n\r\n<p>La Val d&#8217;Aran ofrece un<strong> sinf\u00edn de propuestas de ocio<\/strong>, ya sea al aire libre o disfrutando de la arquitectura de los edificios araneses. Una buena opci\u00f3n es visitar la <strong>Casa Museu JoanChiquet o alguna de las iglesias de la Ruta deth Rom\u00e1nic<\/strong> para despu\u00e9s <strong>recuperar fuerzas degustando los excelentes pintxos que se preparan en la gran mayor\u00eda de bares de Vielha. <\/strong><\/p>\r\n\r\n\r\n\r\n<p><strong>Restaurante de cena: <\/strong><\/p>\r\n\r\n\r\n\r\n<p>Y por \u00faltimo, qu\u00e9 mejor que ponerle el broche final al d\u00eda que con una buena cena. Existe una <strong>variedad enorme de restaurantes en la Val d&#8217;Aran<\/strong>, pero si os apetece probar algo distinto, en <strong>REFU Baqueira o REFU Vielha<\/strong> podr\u00e9is probar distintos platos de cocina internacional con un toque canalla. Es una propuesta genial para aquellxs que busc\u00e1is <strong>sabores nuevos<\/strong> sin dejar de lado a <strong>cl\u00e1sicos reinventados por estxs amantes del l\u00fapulo<\/strong>. Buen ambiente y una <strong>extensa carta de cervezas artesanas <\/strong>de la mano de lxs pioneros en traer y divulgar la Cultura Cervecera en la Val d&#8217;Aran.<\/p>\r\n\r\n\r\n","protected":false},"excerpt":{"rendered":"<p>El invierno es nuestra \u00e9poca favorita del a\u00f1o para disfrutar de la calidez y lo acogedores que son nuestros bungalows, adem\u00e1s de poder disfrutar las [&hellip;]<\/p>\n","protected":false},"author":1,"featured_media":2786,"comment_status":"open","ping_status":"open","sticky":false,"template":"","format":"standard","meta":[],"categories":[71,98],"tags":[890,546,713,1040,874,911,1038,1039,1037,1034,552,1020,818],"_links":{"self":[{"href":"https:\/\/www.campingverneda.com\/blog\/wp-json\/wp\/v2\/posts\/2781"}],"collection":[{"href":"https:\/\/www.campingverneda.com\/blog\/wp-json\/wp\/v2\/posts"}],"about":[{"href":"https:\/\/www.campingverneda.com\/blog\/wp-json\/wp\/v2\/types\/post"}],"author":[{"embeddable":true,"href":"https:\/\/www.campingverneda.com\/blog\/wp-json\/wp\/v2\/users\/1"}],"replies":[{"embeddable":true,"href":"https:\/\/www.campingverneda.com\/blog\/wp-json\/wp\/v2\/comments?post=2781"}],"version-history":[{"count":4,"href":"https:\/\/www.campingverneda.com\/blog\/wp-json\/wp\/v2\/posts\/2781\/revisions"}],"predecessor-version":[{"id":3065,"href":"https:\/\/www.campingverneda.com\/blog\/wp-json\/wp\/v2\/posts\/2781\/revisions\/3065"}],"wp:featuredmedia":[{"embeddable":true,"href":"https:\/\/www.campingverneda.com\/blog\/wp-json\/wp\/v2\/media\/2786"}],"wp:attachment":[{"href":"https:\/\/www.campingverneda.com\/blog\/wp-json\/wp\/v2\/media?parent=2781"}],"wp:term":[{"taxonomy":"category","embeddable":true,"href":"https:\/\/www.campingverneda.com\/blog\/wp-json\/wp\/v2\/categories?post=2781"},{"taxonomy":"post_tag","embeddable":true,"href":"https:\/\/www.campingverneda.com\/blog\/wp-json\/wp\/v2\/tags?post=2781"}],"curies":[{"name":"wp","href":"https:\/\/api.w.org\/{rel}","templated":true}]}}