{"id":2137,"date":"2017-10-19T14:39:47","date_gmt":"2017-10-19T14:39:47","guid":{"rendered":"http:\/\/www.campingverneda.com\/blog\/?p=2137"},"modified":"2019-03-03T16:39:14","modified_gmt":"2019-03-03T16:39:14","slug":"asistimos-a-forum-ens-2017","status":"publish","type":"post","link":"https:\/\/www.campingverneda.com\/blog\/2017\/10\/19\/asistimos-a-forum-ens-2017\/","title":{"rendered":"Asistimos a F\u00f3rum ENS 2017"},"content":{"rendered":"<p style=\"text-align: justify;\">El turismo es un tema del que tenemos que hablar muy mucho y entre todos, porque cuantas m\u00e1s personas participen, mejores soluciones se aportan para un <strong>modelo de turismo sostenible<\/strong> con el entorno que nos rodea, y con los habitantes del lugar. Por esta raz\u00f3n, y muchas otras, os hacemos un breve resumen de nuestro paso por F\u00f2rum ENS 2017 estos d\u00edas 18 y 19 de octubre.<\/p>\n<p style=\"text-align: justify;\"><a href=\"http:\/\/ensforum.cat\" target=\"_blank\">F\u00f3rum ENS 2017<\/a> responde a las siglas <strong>Ecoturismo &#8211; Naturaleza &#8211; Sosteniblidad<\/strong> y son los tres pilares principales que sirven de punto de partida y de llegada de todo lo compartido en estos dos d\u00edas, conversado y aprendido en estas jornadas realizadas en Can Trona, Vall d\u2019en Bas, en La Garrotxa. Esta jornada se encuentra organizada por la Generalitat de Catalunya mediante su Mesa de Ecoturismo. Esta cita sobre turismo se ha inaugurado este a\u00f1o coincidiendo con el <strong>A\u00f1o Internacional del Turismo Sostenible para el Desarrollo<\/strong>, present\u00e1ndose al sector p\u00fablico y privado como un punto de encuentro oficial para reflexionar y proponer ideas para dar respuesta a los retos del sector.<br \/>\n<a href=\"http:\/\/www.campingverneda.com\/blog\/wp-content\/uploads\/2017\/10\/val-d-aran-verneda-camping-mountain-resort-ecoturismo.jpg\"><img decoding=\"async\" loading=\"lazy\" class=\"alignnone size-full wp-image-2140\" src=\"http:\/\/www.campingverneda.com\/blog\/wp-content\/uploads\/2017\/10\/val-d-aran-verneda-camping-mountain-resort-ecoturismo.jpg\" alt=\"val-d-aran-verneda-camping-mountain-resort-ecoturismo\" width=\"945\" height=\"668\" srcset=\"https:\/\/www.campingverneda.com\/blog\/wp-content\/uploads\/2017\/10\/val-d-aran-verneda-camping-mountain-resort-ecoturismo-300x212.jpg 300w, https:\/\/www.campingverneda.com\/blog\/wp-content\/uploads\/2017\/10\/val-d-aran-verneda-camping-mountain-resort-ecoturismo-600x424.jpg 600w, https:\/\/www.campingverneda.com\/blog\/wp-content\/uploads\/2017\/10\/val-d-aran-verneda-camping-mountain-resort-ecoturismo.jpg 945w\" sizes=\"(max-width: 945px) 100vw, 945px\" \/><\/a><br \/>\nDurante ambos d\u00edas hay un <a href=\"http:\/\/ensforum.cat\/es\/programa-es\/\" target=\"_blank\">programa extenso<\/a>, se puede atender y aprender en las distintas ponencias gracias a los protagonistas de \u00e9stas, procedentes tanto del \u00e1mbito p\u00fablico como privado, entendiendo nuevos conceptos con una visi\u00f3n pr\u00e1ctica de los temas de m\u00e1xima actualidad, y participando as\u00ed en los debates sobre \u201c<strong>c\u00f3mo poner en valor los espacios naturales por medio del ecoturismo, o las claves para consolidar un turismo de naturaleza responsable en Catalunya<\/strong>\u201d. Adem\u00e1s, tambi\u00e9n se est\u00e1n realizando sesiones de trabajo en grupo, se crean y de desarrollan proyectos e ideas inspiradoras, y se aprovecha el entorno que ofrece La Garrotxa para realizar salidas de campo y sentir experiencias ecotur\u00edsticas singulares, perfectas para este <a href=\"https:\/\/www.facebook.com\/VernedaCampingMountainResort\/posts\/888709207968996\" target=\"_blank\">contexto de networking<\/a>.<br \/>\n<a href=\"http:\/\/www.campingverneda.com\/blog\/wp-content\/uploads\/2017\/10\/ENS-Forum-Verneda-Camping-Mountain-Resort.jpeg\"><img decoding=\"async\" loading=\"lazy\" class=\"alignnone size-full wp-image-2139\" src=\"http:\/\/www.campingverneda.com\/blog\/wp-content\/uploads\/2017\/10\/ENS-Forum-Verneda-Camping-Mountain-Resort.jpeg\" alt=\"ENS-Forum-Verneda-Camping-Mountain-Resort\" width=\"945\" height=\"668\" srcset=\"https:\/\/www.campingverneda.com\/blog\/wp-content\/uploads\/2017\/10\/ENS-Forum-Verneda-Camping-Mountain-Resort-300x212.jpeg 300w, https:\/\/www.campingverneda.com\/blog\/wp-content\/uploads\/2017\/10\/ENS-Forum-Verneda-Camping-Mountain-Resort-600x424.jpeg 600w, https:\/\/www.campingverneda.com\/blog\/wp-content\/uploads\/2017\/10\/ENS-Forum-Verneda-Camping-Mountain-Resort.jpeg 945w\" sizes=\"(max-width: 945px) 100vw, 945px\" \/><\/a><br \/>\nSin duda, <a href=\"https:\/\/www.instagram.com\/p\/BaZZqoDgKZa\/?taken-by=vida_verneda\" target=\"_blank\">F\u00f3rum ENS 2017<\/a> se ha consolidado como una experiencia positiva para darle un nuevo significado al t\u00e9rmino turismo, un significado que profundiza en la Naturaleza que nos rodea y en las personas que la cuidan y respetan. \u00a1Nos vemos en la pr\u00f3xima edici\u00f3n!<\/p>\n","protected":false},"excerpt":{"rendered":"<p>El turismo es un tema del que tenemos que hablar muy mucho y entre todos, porque cuantas m\u00e1s personas participen, mejores soluciones se aportan para [&hellip;]<\/p>\n","protected":false},"author":1,"featured_media":2138,"comment_status":"open","ping_status":"open","sticky":false,"template":"","format":"standard","meta":[],"categories":[71,69],"tags":[467,767,91,51,546,499,839,860,667,627,818],"_links":{"self":[{"href":"https:\/\/www.campingverneda.com\/blog\/wp-json\/wp\/v2\/posts\/2137"}],"collection":[{"href":"https:\/\/www.campingverneda.com\/blog\/wp-json\/wp\/v2\/posts"}],"about":[{"href":"https:\/\/www.campingverneda.com\/blog\/wp-json\/wp\/v2\/types\/post"}],"author":[{"embeddable":true,"href":"https:\/\/www.campingverneda.com\/blog\/wp-json\/wp\/v2\/users\/1"}],"replies":[{"embeddable":true,"href":"https:\/\/www.campingverneda.com\/blog\/wp-json\/wp\/v2\/comments?post=2137"}],"version-history":[{"count":2,"href":"https:\/\/www.campingverneda.com\/blog\/wp-json\/wp\/v2\/posts\/2137\/revisions"}],"predecessor-version":[{"id":2142,"href":"https:\/\/www.campingverneda.com\/blog\/wp-json\/wp\/v2\/posts\/2137\/revisions\/2142"}],"wp:featuredmedia":[{"embeddable":true,"href":"https:\/\/www.campingverneda.com\/blog\/wp-json\/wp\/v2\/media\/2138"}],"wp:attachment":[{"href":"https:\/\/www.campingverneda.com\/blog\/wp-json\/wp\/v2\/media?parent=2137"}],"wp:term":[{"taxonomy":"category","embeddable":true,"href":"https:\/\/www.campingverneda.com\/blog\/wp-json\/wp\/v2\/categories?post=2137"},{"taxonomy":"post_tag","embeddable":true,"href":"https:\/\/www.campingverneda.com\/blog\/wp-json\/wp\/v2\/tags?post=2137"}],"curies":[{"name":"wp","href":"https:\/\/api.w.org\/{rel}","templated":true}]}}