{"id":2121,"date":"2017-10-09T08:01:26","date_gmt":"2017-10-09T08:01:26","guid":{"rendered":"http:\/\/www.campingverneda.com\/blog\/?p=2121"},"modified":"2024-09-16T13:51:35","modified_gmt":"2024-09-16T13:51:35","slug":"el-otono-en-la-val-daran-nos-gusta-porque","status":"publish","type":"post","link":"https:\/\/www.campingverneda.com\/blog\/2017\/10\/09\/el-otono-en-la-val-daran-nos-gusta-porque\/","title":{"rendered":"El oto\u00f1o en la Val d\u2019Aran nos gusta porque\u2026"},"content":{"rendered":"<p style=\"text-align: justify;\">Somos fans incondicionales del oto\u00f1o, ya lo sab\u00e9is, y nos gusta porque:<\/p>\n<p>1. Amanece con el cielo cubierto por colores pasteles y se mezcla el olor del roc\u00edo de la noche con el del caf\u00e9 reci\u00e9n hecho\u2026<br \/>\n2. Nuestros perros se despiertan con la calma y se arrastran lentamente hasta la puerta del bungalow, pens\u00e1ndose dos veces si salir o no porque cada ma\u00f1ana hace un poco m\u00e1s fresco que el d\u00eda anterior\u2026 \u00a1Se intuye la progresiva llegada del invierno!<br \/>\n3. Los desayunos incluyen bata-manta o jersey de lana, \u00a1y eso es s\u00faper gustoso!<br \/>\n4. Los paseos en bici incorporan el aire fresco de la ma\u00f1ana, podemos hacer m\u00e1s kil\u00f3metros porque hace menos calor.<br \/>\n5. Nuestras monta\u00f1as se ti\u00f1en de cientos de tonos de verdes y marrones diferentes, los \u00e1rboles mudan sus hojas y las \u00faltimas flores del verano se esconden hasta la pr\u00f3xima primavera.<\/p>\n<p style=\"text-align: justify;\"><a href=\"http:\/\/www.campingverneda.com\/blog\/wp-content\/uploads\/2017\/10\/val-d-aran-verneda-camping-mountain-resortJPG.jpg\"><img decoding=\"async\" loading=\"lazy\" class=\"alignnone  wp-image-2123\" src=\"http:\/\/www.campingverneda.com\/blog\/wp-content\/uploads\/2017\/10\/val-d-aran-verneda-camping-mountain-resortJPG.jpg\" alt=\"val-d-aran-verneda-camping-mountain-resortJPG\" width=\"1804\" height=\"1275\" srcset=\"https:\/\/www.campingverneda.com\/blog\/wp-content\/uploads\/2017\/10\/val-d-aran-verneda-camping-mountain-resortJPG-300x212.jpg 300w, https:\/\/www.campingverneda.com\/blog\/wp-content\/uploads\/2017\/10\/val-d-aran-verneda-camping-mountain-resortJPG-600x424.jpg 600w, https:\/\/www.campingverneda.com\/blog\/wp-content\/uploads\/2017\/10\/val-d-aran-verneda-camping-mountain-resortJPG.jpg 945w\" sizes=\"(max-width: 1804px) 100vw, 1804px\" \/><\/a><br \/>\n6. La gastronom\u00eda, la cultura y las tradicionas t\u00edpicas de este rinc\u00f3n de los Pirineos, son las protagonistas del oto\u00f1o.<br \/>\n7. Las merecidas siestas de media tarde en el sof\u00e1 junto a la chimenea del bungalow encendida. \u00a1Placeres #VIDAVerneda!<br \/>\n8. Los atardeceres desde cualquier punto de este legendario valle de valles, donde el horizonte se fusiona con las cumbres del de los Pirineos. \u00a1Regalos para nuestras retinas!<br \/>\n9. Esas cenas familiares en las que rememoramos lo mejor del d\u00eda, nos re\u00edmos de todo y pedimos varios postres para compartir, dando as\u00ed otro momento dulce a un d\u00eda de oto\u00f1o que siempre recordaremos.<br \/>\n10. Las tazas de t\u00e9 o chocolate en la entrada del bungalow mientras esperamos estrellas fugaces y localizamos nuestras primeras constelaciones.<\/p>\n<p>Por todo esto y mucho m\u00e1s, os deseamos un feliz oto\u00f1o en la Val d\u2019Aran.<\/p>\n","protected":false},"excerpt":{"rendered":"<p>Somos fans incondicionales del oto\u00f1o, ya lo sab\u00e9is, y nos gusta porque: 1. Amanece con el cielo cubierto por colores pasteles y se mezcla el [&hellip;]<\/p>\n","protected":false},"author":1,"featured_media":2122,"comment_status":"open","ping_status":"open","sticky":false,"template":"","format":"standard","meta":[],"categories":[1,71,795],"tags":[876,877,93,12,467,51,879,872,878,818],"_links":{"self":[{"href":"https:\/\/www.campingverneda.com\/blog\/wp-json\/wp\/v2\/posts\/2121"}],"collection":[{"href":"https:\/\/www.campingverneda.com\/blog\/wp-json\/wp\/v2\/posts"}],"about":[{"href":"https:\/\/www.campingverneda.com\/blog\/wp-json\/wp\/v2\/types\/post"}],"author":[{"embeddable":true,"href":"https:\/\/www.campingverneda.com\/blog\/wp-json\/wp\/v2\/users\/1"}],"replies":[{"embeddable":true,"href":"https:\/\/www.campingverneda.com\/blog\/wp-json\/wp\/v2\/comments?post=2121"}],"version-history":[{"count":6,"href":"https:\/\/www.campingverneda.com\/blog\/wp-json\/wp\/v2\/posts\/2121\/revisions"}],"predecessor-version":[{"id":5091,"href":"https:\/\/www.campingverneda.com\/blog\/wp-json\/wp\/v2\/posts\/2121\/revisions\/5091"}],"wp:featuredmedia":[{"embeddable":true,"href":"https:\/\/www.campingverneda.com\/blog\/wp-json\/wp\/v2\/media\/2122"}],"wp:attachment":[{"href":"https:\/\/www.campingverneda.com\/blog\/wp-json\/wp\/v2\/media?parent=2121"}],"wp:term":[{"taxonomy":"category","embeddable":true,"href":"https:\/\/www.campingverneda.com\/blog\/wp-json\/wp\/v2\/categories?post=2121"},{"taxonomy":"post_tag","embeddable":true,"href":"https:\/\/www.campingverneda.com\/blog\/wp-json\/wp\/v2\/tags?post=2121"}],"curies":[{"name":"wp","href":"https:\/\/api.w.org\/{rel}","templated":true}]}}