{"id":2107,"date":"2017-10-04T16:07:08","date_gmt":"2017-10-04T16:07:08","guid":{"rendered":"http:\/\/www.campingverneda.com\/blog\/?p=2107"},"modified":"2019-03-03T16:39:14","modified_gmt":"2019-03-03T16:39:14","slug":"3-2-1-otono-en-la-val-daran","status":"publish","type":"post","link":"https:\/\/www.campingverneda.com\/blog\/2017\/10\/04\/3-2-1-otono-en-la-val-daran\/","title":{"rendered":"3, 2, 1\u2026 \u00a1Oto\u00f1o en la Val d\u2019Aran!"},"content":{"rendered":"<p style=\"text-align: justify;\">Inauguramos el oto\u00f1o en la Val d\u2019Aran, y lo hacemos repletos de buenas actividades para mayores, peque\u00f1xs, y todos juntos. Lo cierto es que estar en esta parte de los Pirineos en oto\u00f1o ya es una actividad por s\u00ed misma ya que <strong>la Naturaleza nos regala m\u00e1s que momentos, momentazos<\/strong>: las hojas se caen t\u00edmidamente de los centenarios \u00e1rboles que conforman nuestros viejos y estimados bosques, los animalitos se organizan formalmente en sus madrigueras para hacer frente al invierno que se aproxima, la luz se vuelve m\u00e1s y m\u00e1s tenue con el paso de las horas\u2026 \u00a1Nos encanta el oto\u00f1o!<\/p>\n<p style=\"text-align: justify;\">Y para <strong>celebrar la llegada del oto\u00f1o<\/strong> a la Val d\u2019Aran, como somos seres de costumbres, os invitamos formalmente a escaparos este fin de semana a <a href=\"http:\/\/www.campingverneda.com\/es\/alojamiento.php\" target=\"_blank\">Verneda Camping Mountain Resort<\/a> para disfrutar en vivo y en directo de una de las tradiciones m\u00e1s bonitas de este valle de valles: las <strong>Ferias de Ganado<\/strong>.<\/p>\n<p style=\"text-align: justify;\"><a href=\"http:\/\/www.campingverneda.com\/blog\/wp-content\/uploads\/2017\/10\/ferias-ganado-vald-aran-verneda-camping-mountain-resort.jpg\"><img decoding=\"async\" loading=\"lazy\" class=\"alignnone size-full wp-image-2109\" src=\"http:\/\/www.campingverneda.com\/blog\/wp-content\/uploads\/2017\/10\/ferias-ganado-vald-aran-verneda-camping-mountain-resort.jpg\" alt=\"ferias-ganado-vald-aran-verneda-camping-mountain-resort\" width=\"945\" height=\"668\" srcset=\"https:\/\/www.campingverneda.com\/blog\/wp-content\/uploads\/2017\/10\/ferias-ganado-vald-aran-verneda-camping-mountain-resort-300x212.jpg 300w, https:\/\/www.campingverneda.com\/blog\/wp-content\/uploads\/2017\/10\/ferias-ganado-vald-aran-verneda-camping-mountain-resort-600x424.jpg 600w, https:\/\/www.campingverneda.com\/blog\/wp-content\/uploads\/2017\/10\/ferias-ganado-vald-aran-verneda-camping-mountain-resort.jpg 945w\" sizes=\"(max-width: 945px) 100vw, 945px\" \/><\/a><\/p>\n<p style=\"text-align: justify;\">Desde este viernes 6 y hasta el pr\u00f3ximo s\u00e1bado 28 de octubre tienen lugar estas tradicionales y populares Ferias del Ganado en las poblaciones araneras de Les, Salard\u00fa, Vielha y Boss\u00f2st. Para que no os perd\u00e1is detalle, aqu\u00ed os dejamos el programa de actividades recomendadas.<\/p>\n<p style=\"text-align: justify;\">&#8211; <strong>Viernes 6 de octubre<\/strong>: Inicio de la Feria del Ganado de Les con caballos, poneys, burros, mulas y ovejas.<br \/>\n&#8211; <strong>S\u00e1bado 7 de octubre<\/strong>: Feria del Ganado de Salard\u00fa. Aqu\u00ed se celebra el XIV Concurso Morfol\u00f3gico Comarcal de \u201cCaballo Pirenaico Catal\u00e1n\u201d. Esta feria presenta varias actividades para toda la familia e incluye un concierto de <strong>Alid\u00e9 Sans<\/strong>, a las 19h en el pabell\u00f3n polideportivo.<\/p>\n<div class=\"fusion-fullwidth fullwidth-box hundred-percent-fullwidth non-hundred-percent-height-scrolling\"  style='background-color: rgba(255,255,255,0);background-position: center center;background-repeat: no-repeat;padding-top:0px;padding-right:30px;padding-bottom:0px;padding-left:30px;border-top-width:0px;border-bottom-width:0px;border-color:#eae9e9;border-top-style:solid;border-bottom-style:solid;'><div class=\"fusion-builder-row fusion-row \"><div  class=\"fusion-layout-column fusion_builder_column fusion_builder_column_1_1  fusion-one-full fusion-column-first fusion-column-last fusion-column-no-min-height 1_1\"  style='margin-top:0px;margin-bottom:0px;'>\n\t\t\t\t\t<div class=\"fusion-column-wrapper\" style=\"background-position:left top;background-repeat:no-repeat;-webkit-background-size:cover;-moz-background-size:cover;-o-background-size:cover;background-size:cover;\"   data-bg-url=\"\">\n\t\t\t\t\t\t\n<div class=\"video-shortcode\"><iframe loading=\"lazy\" width=\"1778\" height=\"1000\" src=\"https:\/\/www.youtube.com\/embed\/D-UfEoObeeE?feature=oembed\" frameborder=\"0\" allow=\"accelerometer; autoplay; encrypted-media; gyroscope; picture-in-picture\" allowfullscreen><\/iframe><\/div>\n<p style=\"text-align: justify;\"><strong>Domingo 8 de octubre<\/strong>: <strong>Feria del Ganado de Vielha<\/strong>. Esta tradicional feria tambi\u00e9n celebra el XXXI Concurso de Ganado, con su desayuno popular a las 10h y el correspondiente reparto de premios a los agricultores y ganadores participantes a las 12h.<\/p>\n<p style=\"text-align: justify;\">Ya a finales de mes, el<strong> s\u00e1bado 28 de octubre<\/strong>, es la \u00faltima cita de la <strong>Feria del Ganado de Boss\u00f2st<\/strong> donde todo empezar\u00e1 a las 10h con la apertura oficial del espacio ferial. Adem\u00e1s, en esta feria tambi\u00e9n se desarrollar\u00e1n las acciones vinculadas a la 6\u00aa edici\u00f3n de Era Mongetada, repleta de actividades l\u00fadicas y gastron\u00f3micas con denominaci\u00f3n de origen Val d\u2019Aran.<\/p>\n<p style=\"text-align: justify;\">As\u00ed que <a href=\"https:\/\/www.facebook.com\/VernedaCampingMountainResort\/?fref=ts\" target=\"_blank\">aprovecha este momento para escapar y reflexionar<\/a>, para reconectar con las tradiciones y mostrar a los\/as peques de casa valores positivos, valores de uni\u00f3n entre personas y respeto a los animales y la Naturaleza que nos rodea.<\/p>\n<p style=\"text-align: justify;\"><a href=\"http:\/\/www.campingverneda.com\/blog\/wp-content\/uploads\/2017\/10\/ofertas-otono-val-d-aran-verneda-camping-mountain-resort1.png\"><img decoding=\"async\" loading=\"lazy\" class=\"alignnone size-full wp-image-2110\" src=\"http:\/\/www.campingverneda.com\/blog\/wp-content\/uploads\/2017\/10\/ofertas-otono-val-d-aran-verneda-camping-mountain-resort1.png\" alt=\"ofertas-otono-val-d-aran-verneda-camping-mountain-resort(1)\" width=\"945\" height=\"668\" srcset=\"https:\/\/www.campingverneda.com\/blog\/wp-content\/uploads\/2017\/10\/ofertas-otono-val-d-aran-verneda-camping-mountain-resort1-300x212.png 300w, https:\/\/www.campingverneda.com\/blog\/wp-content\/uploads\/2017\/10\/ofertas-otono-val-d-aran-verneda-camping-mountain-resort1-600x424.png 600w, https:\/\/www.campingverneda.com\/blog\/wp-content\/uploads\/2017\/10\/ofertas-otono-val-d-aran-verneda-camping-mountain-resort1.png 945w\" sizes=\"(max-width: 945px) 100vw, 945px\" \/><\/a><br \/>\n\u00a1Feliz oto\u00f1o en lo #VIDAVerneda!<\/p>\n<div class=\"fusion-clearfix\"><\/div>\n\n\t\t\t\t\t<\/div>\n\t\t\t\t<\/div><\/div><\/div>\n","protected":false},"excerpt":{"rendered":"<p>Inauguramos el oto\u00f1o en la Val d\u2019Aran, y lo hacemos repletos de buenas actividades para mayores, peque\u00f1xs, y todos juntos. Lo cierto es que estar [&hellip;]<\/p>\n","protected":false},"author":1,"featured_media":2108,"comment_status":"open","ping_status":"open","sticky":false,"template":"","format":"standard","meta":[],"categories":[1,71],"tags":[50,93,467,870,871,13,818],"_links":{"self":[{"href":"https:\/\/www.campingverneda.com\/blog\/wp-json\/wp\/v2\/posts\/2107"}],"collection":[{"href":"https:\/\/www.campingverneda.com\/blog\/wp-json\/wp\/v2\/posts"}],"about":[{"href":"https:\/\/www.campingverneda.com\/blog\/wp-json\/wp\/v2\/types\/post"}],"author":[{"embeddable":true,"href":"https:\/\/www.campingverneda.com\/blog\/wp-json\/wp\/v2\/users\/1"}],"replies":[{"embeddable":true,"href":"https:\/\/www.campingverneda.com\/blog\/wp-json\/wp\/v2\/comments?post=2107"}],"version-history":[{"count":4,"href":"https:\/\/www.campingverneda.com\/blog\/wp-json\/wp\/v2\/posts\/2107\/revisions"}],"predecessor-version":[{"id":2860,"href":"https:\/\/www.campingverneda.com\/blog\/wp-json\/wp\/v2\/posts\/2107\/revisions\/2860"}],"wp:featuredmedia":[{"embeddable":true,"href":"https:\/\/www.campingverneda.com\/blog\/wp-json\/wp\/v2\/media\/2108"}],"wp:attachment":[{"href":"https:\/\/www.campingverneda.com\/blog\/wp-json\/wp\/v2\/media?parent=2107"}],"wp:term":[{"taxonomy":"category","embeddable":true,"href":"https:\/\/www.campingverneda.com\/blog\/wp-json\/wp\/v2\/categories?post=2107"},{"taxonomy":"post_tag","embeddable":true,"href":"https:\/\/www.campingverneda.com\/blog\/wp-json\/wp\/v2\/tags?post=2107"}],"curies":[{"name":"wp","href":"https:\/\/api.w.org\/{rel}","templated":true}]}}