{"id":2032,"date":"2017-08-14T16:04:06","date_gmt":"2017-08-14T16:04:06","guid":{"rendered":"http:\/\/www.campingverneda.com\/blog\/?p=2032"},"modified":"2019-03-06T09:28:45","modified_gmt":"2019-03-06T09:28:45","slug":"premio-anwb-charming-camping","status":"publish","type":"post","link":"https:\/\/www.campingverneda.com\/blog\/2017\/08\/14\/premio-anwb-charming-camping\/","title":{"rendered":"Premio ANWB Charming Camping"},"content":{"rendered":"<p style=\"text-align: justify;\">Este a\u00f1o nos han vuelto a otorgar el <strong>Premio ANWB Charming Camping<\/strong>. Este galard\u00f3n se da cada a\u00f1o en la celebraci\u00f3n de los premios Best Camping, cita organizada por el Club de Automovilistas de Holanda ANWB, y ADAC &#8211; Allgemeine Deutsche Automobil-Club.<\/p>\n<p>ANWB se fund\u00f3 en 1883 y se encuentra consolidado como uno de los clubs automovil\u00edsticos m\u00e1s importantes de Europa. Actualmente cuenta con <strong>4.3 millones de miembros<\/strong>, 3.473 empleados y 10.000 voluntarios en todo el viejo continente. Por su parte, ADAC es el club automovil\u00edstico con m\u00e1s socios en Alemania, con 19 millones de asociados.<\/p>\n<p style=\"text-align: justify;\"><a href=\"http:\/\/www.campingverneda.com\/blog\/wp-content\/uploads\/2017\/08\/ANWB_charmecamping_verneda_camping_mountain_resort_valdaran.png\"><img decoding=\"async\" loading=\"lazy\" class=\"alignnone size-full wp-image-2033\" src=\"http:\/\/www.campingverneda.com\/blog\/wp-content\/uploads\/2017\/08\/ANWB_charmecamping_verneda_camping_mountain_resort_valdaran.png\" alt=\"ANWB_charmecamping_verneda_camping_mountain_resort_valdaran\" width=\"945\" height=\"668\" srcset=\"https:\/\/www.campingverneda.com\/blog\/wp-content\/uploads\/2017\/08\/ANWB_charmecamping_verneda_camping_mountain_resort_valdaran-300x212.png 300w, https:\/\/www.campingverneda.com\/blog\/wp-content\/uploads\/2017\/08\/ANWB_charmecamping_verneda_camping_mountain_resort_valdaran-600x424.png 600w, https:\/\/www.campingverneda.com\/blog\/wp-content\/uploads\/2017\/08\/ANWB_charmecamping_verneda_camping_mountain_resort_valdaran.png 945w\" sizes=\"(max-width: 945px) 100vw, 945px\" \/><\/a><\/p>\n<p>Tal y como explican en <a href=\"https:\/\/luxecaravaning.com\/blog\" target=\"_blank\" rel=\"noopener\">luxecaravaning<\/a>, <strong>\u201cestos premios suponen la m\u00e1xima clasificaci\u00f3n a la que puede aspirar un camping, un estatus de 5 estrellas para aquellos campings que cuentan con las mejores instalaciones, oferta y servicios varios\u201d<\/strong>.<\/p>\n<p>Estos premios se conceden teniendo en cuenta dos vertientes:<\/p>\n<p>&#8211; La <strong>opini\u00f3n de los turistas y clientes<\/strong> de dichos campings y los votos a trav\u00e9s del <em>Camping Van Het Jaar 2017.<\/em><br \/>\n&#8211; La<strong> opini\u00f3n de los inspectores<\/strong> de las mencionadas asociaciones que visitan los campings finalistas anualmente.<\/p>\n<p style=\"text-align: justify;\"><a href=\"http:\/\/www.campingverneda.com\/blog\/wp-content\/uploads\/2017\/08\/camping_ninos_verneda_camping_mountain_resort_valdaran.jpg\"><img decoding=\"async\" loading=\"lazy\" class=\"alignnone size-full wp-image-2034\" src=\"http:\/\/www.campingverneda.com\/blog\/wp-content\/uploads\/2017\/08\/camping_ninos_verneda_camping_mountain_resort_valdaran.jpg\" alt=\"camping_ninos_verneda_camping_mountain_resort_valdaran\" width=\"945\" height=\"668\" srcset=\"https:\/\/www.campingverneda.com\/blog\/wp-content\/uploads\/2017\/08\/camping_ninos_verneda_camping_mountain_resort_valdaran-300x212.jpg 300w, https:\/\/www.campingverneda.com\/blog\/wp-content\/uploads\/2017\/08\/camping_ninos_verneda_camping_mountain_resort_valdaran-600x424.jpg 600w, https:\/\/www.campingverneda.com\/blog\/wp-content\/uploads\/2017\/08\/camping_ninos_verneda_camping_mountain_resort_valdaran.jpg 945w\" sizes=\"(max-width: 945px) 100vw, 945px\" \/><\/a><\/p>\n<p>Verneda Camping Mountain Resort ha vuelto a recibir este a\u00f1o el Premio ANWB Charming Camping, la categor\u00eda de \u201c<strong>Camping con m\u00e1s Encanto<\/strong>\u201d. Todos los d\u00edas intentamos cuidar cada detalle para que vuestros d\u00edas con nosotros sean una suma de instantes que os acompa\u00f1en durante el resto del a\u00f1o. Aqu\u00ed peque\u00f1xs y mayores disfrutan por igual de nuestras instalaciones, <a href=\"http:\/\/campingverneda.com\/es\/bungalows-a.php\" target=\"_blank\" rel=\"noopener\">alojamientos de ensue\u00f1o<\/a>, <a href=\"https:\/\/www.facebook.com\/VernedaCampingMountainResort\/posts\/840619932777924\" target=\"_blank\" rel=\"noopener\">parcelas de acampada<\/a>, excursiones guiadas, <a href=\"https:\/\/www.facebook.com\/VernedaCampingMountainResort\/posts\/847378735435377\" target=\"_blank\" rel=\"noopener\">Circoloco<\/a>, las noches de baile de Es Nets deth Verneda, nuestra degustaci\u00f3n de gastronom\u00eda aranesa de Tastet d\u2019Aran de cada mi\u00e9rcoles\u2026 \u00a1Las opciones de #VIDAVerneda son infinitas!<\/p>\n<p style=\"text-align: justify;\"><a href=\"http:\/\/www.campingverneda.com\/blog\/wp-content\/uploads\/2017\/08\/gastronomia-verneda-camping-mountain-resort-valdaran-tastet-daran.jpg\"><img decoding=\"async\" loading=\"lazy\" class=\"alignnone size-full wp-image-2037\" src=\"http:\/\/www.campingverneda.com\/blog\/wp-content\/uploads\/2017\/08\/gastronomia-verneda-camping-mountain-resort-valdaran-tastet-daran.jpg\" alt=\"gastronomia-verneda-camping-mountain-resort-valdaran-tastet-daran\" width=\"945\" height=\"668\" srcset=\"https:\/\/www.campingverneda.com\/blog\/wp-content\/uploads\/2017\/08\/gastronomia-verneda-camping-mountain-resort-valdaran-tastet-daran-300x212.jpg 300w, https:\/\/www.campingverneda.com\/blog\/wp-content\/uploads\/2017\/08\/gastronomia-verneda-camping-mountain-resort-valdaran-tastet-daran-600x424.jpg 600w, https:\/\/www.campingverneda.com\/blog\/wp-content\/uploads\/2017\/08\/gastronomia-verneda-camping-mountain-resort-valdaran-tastet-daran.jpg 945w\" sizes=\"(max-width: 945px) 100vw, 945px\" \/><\/a><\/p>\n<p>Por todo esto y mucho m\u00e1s pero, sobre todo, por vuestras opiniones y visitas a este rinc\u00f3n de la Val d\u2019Aran, podemos lucir de nuevo este Premio ANWB Charming Camping. <strong>\u00a1Muchas gracias por formar parte de la familia #VIDAVerneda!<\/strong><\/p>\n","protected":false},"excerpt":{"rendered":"<p>Este a\u00f1o nos han vuelto a otorgar el Premio ANWB Charming Camping. Este galard\u00f3n se da cada a\u00f1o en la celebraci\u00f3n de los premios Best [&hellip;]<\/p>\n","protected":false},"author":1,"featured_media":2035,"comment_status":"open","ping_status":"open","sticky":false,"template":"","format":"standard","meta":[],"categories":[1,69],"tags":[467,767,91,51,546,499,477,839,861,860,667,627,818],"_links":{"self":[{"href":"https:\/\/www.campingverneda.com\/blog\/wp-json\/wp\/v2\/posts\/2032"}],"collection":[{"href":"https:\/\/www.campingverneda.com\/blog\/wp-json\/wp\/v2\/posts"}],"about":[{"href":"https:\/\/www.campingverneda.com\/blog\/wp-json\/wp\/v2\/types\/post"}],"author":[{"embeddable":true,"href":"https:\/\/www.campingverneda.com\/blog\/wp-json\/wp\/v2\/users\/1"}],"replies":[{"embeddable":true,"href":"https:\/\/www.campingverneda.com\/blog\/wp-json\/wp\/v2\/comments?post=2032"}],"version-history":[{"count":4,"href":"https:\/\/www.campingverneda.com\/blog\/wp-json\/wp\/v2\/posts\/2032\/revisions"}],"predecessor-version":[{"id":2927,"href":"https:\/\/www.campingverneda.com\/blog\/wp-json\/wp\/v2\/posts\/2032\/revisions\/2927"}],"wp:featuredmedia":[{"embeddable":true,"href":"https:\/\/www.campingverneda.com\/blog\/wp-json\/wp\/v2\/media\/2035"}],"wp:attachment":[{"href":"https:\/\/www.campingverneda.com\/blog\/wp-json\/wp\/v2\/media?parent=2032"}],"wp:term":[{"taxonomy":"category","embeddable":true,"href":"https:\/\/www.campingverneda.com\/blog\/wp-json\/wp\/v2\/categories?post=2032"},{"taxonomy":"post_tag","embeddable":true,"href":"https:\/\/www.campingverneda.com\/blog\/wp-json\/wp\/v2\/tags?post=2032"}],"curies":[{"name":"wp","href":"https:\/\/api.w.org\/{rel}","templated":true}]}}