{"id":2024,"date":"2017-08-07T09:03:24","date_gmt":"2017-08-07T09:03:24","guid":{"rendered":"http:\/\/www.campingverneda.com\/blog\/?p=2024"},"modified":"2017-08-07T17:55:03","modified_gmt":"2017-08-07T17:55:03","slug":"la-bso-de-la-val-daran-es-nets-deth-verneda","status":"publish","type":"post","link":"https:\/\/www.campingverneda.com\/blog\/2017\/08\/07\/la-bso-de-la-val-daran-es-nets-deth-verneda\/","title":{"rendered":"La BSO de la Val d\u2019Aran: Es Nets deth Verneda"},"content":{"rendered":"<p style=\"text-align: justify;\">Ahora que ya hemos pasado el ecuador del verano os preguntamos: \u00bfc\u00f3mo lo est\u00e1is pasando? \u00bfQu\u00e9 tal avanzan estas vacaciones de verano? Estamos bastante convencidos de que pocos o, m\u00e1s bien, ninguno\/a quiere que estas vacaciones se acaben\u2026<\/p>\n<p style=\"text-align: justify;\">Y como todas las buenas historias de verano, nuestras vacaciones incluyen la mejor banda sonora que le pod\u00edamos dar en verano a la Val d\u2019Aran, <a href=\"https:\/\/www.facebook.com\/VernedaCampingMountainResort\/\" target=\"_blank\">Es Nets deth Verneda<\/a>. <strong>Todos los jueves disfrutamos de conciertos<\/strong> bajo con la ac\u00fastica que nos proporcionan estas altas monta\u00f1as de los Pirineos, bajo constelaciones infinitas de estrellas, y con el suave acompa\u00f1amiento de las aguas cristalinas bajando por el R\u00edo Garona de forma t\u00edmida, justo para hacernos sentir en un entorno privilegiado.<\/p>\n<p style=\"text-align: justify;\">As\u00ed que este jueves 10 de agosto volvemos a presentar una nueva Es Nets deth Verneda con\u00a0 La Klave para hacernos bailar los mejores ritmos de la rumba y tambi\u00e9n el rock and roll.<\/p>\n<div class=\"video-shortcode\"><iframe loading=\"lazy\" width=\"1778\" height=\"1000\" src=\"https:\/\/www.youtube.com\/embed\/NZDUMrmYrw4?feature=oembed\" frameborder=\"0\" allow=\"accelerometer; autoplay; encrypted-media; gyroscope; picture-in-picture\" allowfullscreen><\/iframe><\/div>\n<p style=\"text-align: justify;\">\u00bfVives en la Val d\u2019Aran o est\u00e1s aqu\u00ed pasando unos d\u00edas de desconexi\u00f3n? \u00danete a nuestro plan #VIDAVerneda, aprovecha para cenar en nuestro restaurante gastronom\u00eda tradicional aranesa con productos de Km0, y vive en familia y con amigos una de las noches m\u00e1s m\u00e1gicas de la Val d\u2019Aran durante las vacaciones de verano. \u00a1Practica el slowlife!<\/p>\n","protected":false},"excerpt":{"rendered":"<p>Ahora que ya hemos pasado el ecuador del verano os preguntamos: \u00bfc\u00f3mo lo est\u00e1is pasando? \u00bfQu\u00e9 tal avanzan estas vacaciones de verano? Estamos bastante convencidos [&hellip;]<\/p>\n","protected":false},"author":1,"featured_media":2029,"comment_status":"open","ping_status":"open","sticky":false,"template":"","format":"standard","meta":[],"categories":[1,69],"tags":[467,767,91,51,546,499,477,839,860,667,627,818],"_links":{"self":[{"href":"https:\/\/www.campingverneda.com\/blog\/wp-json\/wp\/v2\/posts\/2024"}],"collection":[{"href":"https:\/\/www.campingverneda.com\/blog\/wp-json\/wp\/v2\/posts"}],"about":[{"href":"https:\/\/www.campingverneda.com\/blog\/wp-json\/wp\/v2\/types\/post"}],"author":[{"embeddable":true,"href":"https:\/\/www.campingverneda.com\/blog\/wp-json\/wp\/v2\/users\/1"}],"replies":[{"embeddable":true,"href":"https:\/\/www.campingverneda.com\/blog\/wp-json\/wp\/v2\/comments?post=2024"}],"version-history":[{"count":3,"href":"https:\/\/www.campingverneda.com\/blog\/wp-json\/wp\/v2\/posts\/2024\/revisions"}],"predecessor-version":[{"id":2028,"href":"https:\/\/www.campingverneda.com\/blog\/wp-json\/wp\/v2\/posts\/2024\/revisions\/2028"}],"wp:featuredmedia":[{"embeddable":true,"href":"https:\/\/www.campingverneda.com\/blog\/wp-json\/wp\/v2\/media\/2029"}],"wp:attachment":[{"href":"https:\/\/www.campingverneda.com\/blog\/wp-json\/wp\/v2\/media?parent=2024"}],"wp:term":[{"taxonomy":"category","embeddable":true,"href":"https:\/\/www.campingverneda.com\/blog\/wp-json\/wp\/v2\/categories?post=2024"},{"taxonomy":"post_tag","embeddable":true,"href":"https:\/\/www.campingverneda.com\/blog\/wp-json\/wp\/v2\/tags?post=2024"}],"curies":[{"name":"wp","href":"https:\/\/api.w.org\/{rel}","templated":true}]}}