{"id":2016,"date":"2017-08-03T16:25:28","date_gmt":"2017-08-03T16:25:28","guid":{"rendered":"http:\/\/www.campingverneda.com\/blog\/?p=2016"},"modified":"2019-03-06T09:16:34","modified_gmt":"2019-03-06T09:16:34","slug":"tips-para-un-dia-perfecto","status":"publish","type":"post","link":"https:\/\/www.campingverneda.com\/blog\/2017\/08\/03\/tips-para-un-dia-perfecto\/","title":{"rendered":"Tips para un d\u00eda perfecto"},"content":{"rendered":"<p>1 Despertar a pierna suelta con las marcas de la s\u00e1bana en la cara.<\/p>\n<p>2 Desayunar un rico zumo de fruta de temporada con unas tostadas de pan artesano made in la Val d\u2019Aran.<\/p>\n<p>3 Abrir el mapa de estas monta\u00f1as de los Pirineos y organizar el plan perfecto para toda la familia.<\/p>\n<p>4 Ser c\u00f3mplices de nuestros perros mientras se dan un chapuz\u00f3n en el Garona. \u00a1Valientes!<\/p>\n<p><a href=\"http:\/\/www.campingverneda.com\/blog\/wp-content\/uploads\/2017\/08\/animallovers_camping_verneda_mountain_resort_valdaran.jpg\"><img decoding=\"async\" loading=\"lazy\" class=\"alignnone size-full wp-image-2017\" src=\"http:\/\/www.campingverneda.com\/blog\/wp-content\/uploads\/2017\/08\/animallovers_camping_verneda_mountain_resort_valdaran.jpg\" alt=\"animallovers_camping_verneda_mountain_resort_valdaran\" width=\"945\" height=\"668\" srcset=\"https:\/\/www.campingverneda.com\/blog\/wp-content\/uploads\/2017\/08\/animallovers_camping_verneda_mountain_resort_valdaran-300x212.jpg 300w, https:\/\/www.campingverneda.com\/blog\/wp-content\/uploads\/2017\/08\/animallovers_camping_verneda_mountain_resort_valdaran-600x424.jpg 600w, https:\/\/www.campingverneda.com\/blog\/wp-content\/uploads\/2017\/08\/animallovers_camping_verneda_mountain_resort_valdaran.jpg 945w\" sizes=\"(max-width: 945px) 100vw, 945px\" \/><\/a><\/p>\n<p>5 Despu\u00e9s de un buen paseo por cualquier de las rutas o senderos de Valle de Aran, ir a degustar aut\u00e9ntica gastronom\u00eda aranesa en nuestro <a href=\"https:\/\/www.facebook.com\/VernedaCampingMountainResort\/photos\/a.126335934206331.23626.125762777596980\/833597083480209\/?type=3&amp;theater\" target=\"_blank\" rel=\"noopener\">Tastet d\u2019Aran<\/a> durante todos los mi\u00e9rcoles.<\/p>\n<p>6 Salir rodando del restaurante de Verneda Camping Mountain Resort y echarse un siesta en la nueva zona de jard\u00edn de la piscina, mientras los peque\u00f1os de la casa se ba\u00f1an en la piscina de cloraci\u00f3n salina.<\/p>\n<p><a href=\"http:\/\/www.campingverneda.com\/blog\/wp-content\/uploads\/2017\/08\/piscina_verneda_camping_mountainresort_valdaran-copia.jpg\"><img decoding=\"async\" loading=\"lazy\" class=\"alignnone size-full wp-image-2018\" src=\"http:\/\/www.campingverneda.com\/blog\/wp-content\/uploads\/2017\/08\/piscina_verneda_camping_mountainresort_valdaran-copia.jpg\" alt=\"piscina_verneda_camping_mountainresort_valdaran copia\" width=\"945\" height=\"668\" srcset=\"https:\/\/www.campingverneda.com\/blog\/wp-content\/uploads\/2017\/08\/piscina_verneda_camping_mountainresort_valdaran-copia-300x212.jpg 300w, https:\/\/www.campingverneda.com\/blog\/wp-content\/uploads\/2017\/08\/piscina_verneda_camping_mountainresort_valdaran-copia-600x424.jpg 600w, https:\/\/www.campingverneda.com\/blog\/wp-content\/uploads\/2017\/08\/piscina_verneda_camping_mountainresort_valdaran-copia.jpg 945w\" sizes=\"(max-width: 945px) 100vw, 945px\" \/><\/a><\/p>\n<p>7 <a href=\"https:\/\/www.facebook.com\/VernedaCampingMountainResort\/photos\/a.126335934206331.23626.125762777596980\/842750802564837\/?type=3&amp;theater\" target=\"_blank\" rel=\"noopener\">Ir a buscar setas<\/a> por los bosques de la Val d\u2019Aran. Recuerda que puedes coger tu ticket en la recepci\u00f3n.<\/p>\n<p>8 Organizar la excursi\u00f3n en bici por las <a href=\"http:\/\/bikeandrun.campingsdelleida.com\/verneda\/\" target=\"_blank\" rel=\"noopener\">rutas Bike&amp;Run<\/a> para ma\u00f1ana.<\/p>\n<p><a href=\"http:\/\/www.campingverneda.com\/blog\/wp-content\/uploads\/2017\/08\/bike-and-run-verneda-camping-mountain-resort.jpg\"><img decoding=\"async\" loading=\"lazy\" class=\"alignnone size-full wp-image-2019\" src=\"http:\/\/www.campingverneda.com\/blog\/wp-content\/uploads\/2017\/08\/bike-and-run-verneda-camping-mountain-resort.jpg\" alt=\"bike-and-run-verneda-camping-mountain-resort\" width=\"945\" height=\"668\" srcset=\"https:\/\/www.campingverneda.com\/blog\/wp-content\/uploads\/2017\/08\/bike-and-run-verneda-camping-mountain-resort-300x212.jpg 300w, https:\/\/www.campingverneda.com\/blog\/wp-content\/uploads\/2017\/08\/bike-and-run-verneda-camping-mountain-resort-600x424.jpg 600w, https:\/\/www.campingverneda.com\/blog\/wp-content\/uploads\/2017\/08\/bike-and-run-verneda-camping-mountain-resort.jpg 945w\" sizes=\"(max-width: 945px) 100vw, 945px\" \/><\/a><\/p>\n<p>9 Aprovechar el pintxo pote de Vielha y descubrir el d\u00eda a d\u00eda de este pueblo lleno de historia.<\/p>\n<p>10 Cenar una pizza en familia en el restaurante de Verneda Camping Mountain Resort.<\/p>\n<p><a href=\"http:\/\/www.campingverneda.com\/blog\/wp-content\/uploads\/2017\/08\/bungalows-verneda-camping-mountainresort.jpg\"><img decoding=\"async\" loading=\"lazy\" class=\"alignnone size-full wp-image-2020\" src=\"http:\/\/www.campingverneda.com\/blog\/wp-content\/uploads\/2017\/08\/bungalows-verneda-camping-mountainresort.jpg\" alt=\"bungalows-verneda-camping-mountainresort\" width=\"945\" height=\"668\" srcset=\"https:\/\/www.campingverneda.com\/blog\/wp-content\/uploads\/2017\/08\/bungalows-verneda-camping-mountainresort-300x212.jpg 300w, https:\/\/www.campingverneda.com\/blog\/wp-content\/uploads\/2017\/08\/bungalows-verneda-camping-mountainresort-600x424.jpg 600w, https:\/\/www.campingverneda.com\/blog\/wp-content\/uploads\/2017\/08\/bungalows-verneda-camping-mountainresort.jpg 945w\" sizes=\"(max-width: 945px) 100vw, 945px\" \/><\/a><\/p>\n<p>11 Sentarnos en la<a href=\"http:\/\/campingverneda.com\/es\/alojamiento.php\" target=\"_blank\" rel=\"noopener\"> terraza del bungalow<\/a> y descubrir que hemos pasado un d\u00eda perfecto.<\/p>\n<p>12 Acurrucarnos todos juntos y contar cuentos que nos ayuden a seguir so\u00f1ando.<\/p>\n","protected":false},"excerpt":{"rendered":"<p>1 Despertar a pierna suelta con las marcas de la s\u00e1bana en la cara. 2 Desayunar un rico zumo de fruta de temporada con unas [&hellip;]<\/p>\n","protected":false},"author":1,"featured_media":2022,"comment_status":"open","ping_status":"open","sticky":false,"template":"","format":"standard","meta":[],"categories":[1,69],"tags":[523,658,859,273,17,47,856,582,858,388,857,385,855,298,13,42,818],"_links":{"self":[{"href":"https:\/\/www.campingverneda.com\/blog\/wp-json\/wp\/v2\/posts\/2016"}],"collection":[{"href":"https:\/\/www.campingverneda.com\/blog\/wp-json\/wp\/v2\/posts"}],"about":[{"href":"https:\/\/www.campingverneda.com\/blog\/wp-json\/wp\/v2\/types\/post"}],"author":[{"embeddable":true,"href":"https:\/\/www.campingverneda.com\/blog\/wp-json\/wp\/v2\/users\/1"}],"replies":[{"embeddable":true,"href":"https:\/\/www.campingverneda.com\/blog\/wp-json\/wp\/v2\/comments?post=2016"}],"version-history":[{"count":3,"href":"https:\/\/www.campingverneda.com\/blog\/wp-json\/wp\/v2\/posts\/2016\/revisions"}],"predecessor-version":[{"id":2908,"href":"https:\/\/www.campingverneda.com\/blog\/wp-json\/wp\/v2\/posts\/2016\/revisions\/2908"}],"wp:featuredmedia":[{"embeddable":true,"href":"https:\/\/www.campingverneda.com\/blog\/wp-json\/wp\/v2\/media\/2022"}],"wp:attachment":[{"href":"https:\/\/www.campingverneda.com\/blog\/wp-json\/wp\/v2\/media?parent=2016"}],"wp:term":[{"taxonomy":"category","embeddable":true,"href":"https:\/\/www.campingverneda.com\/blog\/wp-json\/wp\/v2\/categories?post=2016"},{"taxonomy":"post_tag","embeddable":true,"href":"https:\/\/www.campingverneda.com\/blog\/wp-json\/wp\/v2\/tags?post=2016"}],"curies":[{"name":"wp","href":"https:\/\/api.w.org\/{rel}","templated":true}]}}