{"id":2009,"date":"2017-07-25T08:51:48","date_gmt":"2017-07-25T08:51:48","guid":{"rendered":"http:\/\/www.campingverneda.com\/blog\/?p=2009"},"modified":"2019-03-03T16:39:16","modified_gmt":"2019-03-03T16:39:16","slug":"2009","status":"publish","type":"post","link":"https:\/\/www.campingverneda.com\/blog\/2017\/07\/25\/2009\/","title":{"rendered":"Aran Per Sa Lengua, la fiesta del aran\u00e9s"},"content":{"rendered":"<p style=\"text-align: justify;\">El pr\u00f3ximo domingo 30 de julio celebramos la <strong>24\u00aa edici\u00f3n de la Corsa ARAN PER SA LENGUA<\/strong>, y os queremos invitar a participar en esta fiesta popular y ya tradicional de la Val d\u2019Aran.<\/p>\n<p style=\"text-align: justify;\">La<strong> Corsa Aran Per Sa Lengua<\/strong> es una caminata popular organizada cada a\u00f1o desde 1993 en la\u00a0 Val d\u2019Aran y su principal objetivo es defender el aran\u00e9s como lengua. La carrera o caminata ese convoca gracias al colectivo cultural <strong>Lengua Viua<\/strong> que tiene como lema \u201c<strong>qui ten era lengua, ten era clau<\/strong>\u201d (quien sostiene la lengua, sostiene la llave). Esta celebraci\u00f3n a favor del patrimonio cultural del aran\u00e9s se celebra anualmente el \u00faltimo domingo de julio.<\/p>\n<p style=\"text-align: justify;\">En esta Corsa se forman tres grupos de participantes que parten de los tres puntos naturales de entrada al territorio aran\u00e9s: Les, Montgarri y el P\u00f2rt de Vielha, y llegan de forma simult\u00e1nea a la Plaza de la Iglesia de Vielha, donde se otorga un premio a la persona o instituci\u00f3n que durante este \u00faltimo a\u00f1o m\u00e1s ha destacado con sus acciones en la defensa y promoci\u00f3n del uso del aran\u00e9s. La celebraci\u00f3n de esta fiesta popular se cierra con la actuaci\u00f3n de grupos musicales occitanos y araneses a las 20,30h.<\/p>\n<p style=\"text-align: justify;\">Todo el mundo est\u00e1 invitado a esta gran <strong>fiesta a favor del aran\u00e9s<\/strong>, no hace falta ser de la Val d\u2019Aran para participar y divertirse aprendiendo y conociendo nuevas palabras. Adem\u00e1s, todas las personas pueden ir incorpor\u00e1ndose a la caminata en cualquier punto del itinerario.<\/p>\n<div class=\"fusion-fullwidth fullwidth-box hundred-percent-fullwidth non-hundred-percent-height-scrolling\"  style='background-color: rgba(255,255,255,0);background-position: center center;background-repeat: no-repeat;padding-top:0px;padding-right:30px;padding-bottom:0px;padding-left:30px;border-top-width:0px;border-bottom-width:0px;border-color:#eae9e9;border-top-style:solid;border-bottom-style:solid;'><div class=\"fusion-builder-row fusion-row \"><div  class=\"fusion-layout-column fusion_builder_column fusion_builder_column_1_1  fusion-one-full fusion-column-first fusion-column-last fusion-column-no-min-height 1_1\"  style='margin-top:0px;margin-bottom:0px;'>\n\t\t\t\t\t<div class=\"fusion-column-wrapper\" style=\"background-position:left top;background-repeat:no-repeat;-webkit-background-size:cover;-moz-background-size:cover;-o-background-size:cover;background-size:cover;\"   data-bg-url=\"\">\n\t\t\t\t\t\t<div id=\"attachment_2011\" style=\"width: 955px\" class=\"wp-caption aligncenter\"><a href=\"http:\/\/www.campingverneda.com\/blog\/wp-content\/uploads\/2017\/07\/aranpersalengua_valdaran_verneda_camping_mountain_resort.jpg\"><img aria-describedby=\"caption-attachment-2011\" decoding=\"async\" loading=\"lazy\" class=\"size-full wp-image-2011\" src=\"http:\/\/www.campingverneda.com\/blog\/wp-content\/uploads\/2017\/07\/aranpersalengua_valdaran_verneda_camping_mountain_resort.jpg\" alt=\"Foto de GKM Photo\" width=\"945\" height=\"668\" srcset=\"https:\/\/www.campingverneda.com\/blog\/wp-content\/uploads\/2017\/07\/aranpersalengua_valdaran_verneda_camping_mountain_resort-300x212.jpg 300w, https:\/\/www.campingverneda.com\/blog\/wp-content\/uploads\/2017\/07\/aranpersalengua_valdaran_verneda_camping_mountain_resort-600x424.jpg 600w, https:\/\/www.campingverneda.com\/blog\/wp-content\/uploads\/2017\/07\/aranpersalengua_valdaran_verneda_camping_mountain_resort.jpg 945w\" sizes=\"(max-width: 945px) 100vw, 945px\" \/><\/a><p id=\"caption-attachment-2011\" class=\"wp-caption-text\">Foto de GKM Photo<\/p><\/div>\n<p style=\"text-align: justify;\">Horario que aproximado que tiene cada a\u00f1o:<\/p>\n<p style=\"text-align: justify;\">&#8211; Salida libre del P\u00f2rt de Vielha<br \/>\n&#8211; 12,00h Salida desde Les<br \/>\n&#8211; 12,00h Salida de Montgarri<br \/>\n&#8211; 12,50h Parada en Boss\u00f2st, plaza de la iglesia<br \/>\n&#8211; 14,30h Salida desde Tredos<br \/>\n&#8211; 15,00h Es B\u00f2rdes, comer todos juntos (mochila propia)<br \/>\n&#8211; 15,00h Unha, comer todos juntos (mochila propia)<br \/>\n&#8211; 17,00h Salida desde Es B\u00f2rdes<br \/>\n&#8211; 17,00h Salida desde Unha<br \/>\n&#8211; 17,00h Salida desde Montgarri (corriendo)<br \/>\n&#8211; 18,30h Salida d\u2019Arties, pla\u00e7a Urtau<br \/>\n&#8211; 20,15h Llegada a la plaza de la iglesia<br \/>\n&#8211; 20,30h Concierto<\/p>\n<p style=\"text-align: justify;\">Desde Verneda Camping Mountain Resort, como buenos araneses que somos, os invitamos a asistir este domingo 30 de julio para celebrar junto a toda la Val d\u2019Aran la 24\u00aa edici\u00f3n de la Corsa ARAN PER SA LENGUA. \u00a1All\u00ed nos vemos!<\/p>\n<div class=\"fusion-clearfix\"><\/div>\n\n\t\t\t\t\t<\/div>\n\t\t\t\t<\/div><\/div><\/div>\n","protected":false},"excerpt":{"rendered":"<p>El pr\u00f3ximo domingo 30 de julio celebramos la 24\u00aa edici\u00f3n de la Corsa ARAN PER SA LENGUA, y os queremos invitar a participar en esta [&hellip;]<\/p>\n","protected":false},"author":1,"featured_media":2010,"comment_status":"open","ping_status":"open","sticky":false,"template":"","format":"standard","meta":[],"categories":[71],"tags":[51,546,516,854,818],"_links":{"self":[{"href":"https:\/\/www.campingverneda.com\/blog\/wp-json\/wp\/v2\/posts\/2009"}],"collection":[{"href":"https:\/\/www.campingverneda.com\/blog\/wp-json\/wp\/v2\/posts"}],"about":[{"href":"https:\/\/www.campingverneda.com\/blog\/wp-json\/wp\/v2\/types\/post"}],"author":[{"embeddable":true,"href":"https:\/\/www.campingverneda.com\/blog\/wp-json\/wp\/v2\/users\/1"}],"replies":[{"embeddable":true,"href":"https:\/\/www.campingverneda.com\/blog\/wp-json\/wp\/v2\/comments?post=2009"}],"version-history":[{"count":4,"href":"https:\/\/www.campingverneda.com\/blog\/wp-json\/wp\/v2\/posts\/2009\/revisions"}],"predecessor-version":[{"id":2862,"href":"https:\/\/www.campingverneda.com\/blog\/wp-json\/wp\/v2\/posts\/2009\/revisions\/2862"}],"wp:featuredmedia":[{"embeddable":true,"href":"https:\/\/www.campingverneda.com\/blog\/wp-json\/wp\/v2\/media\/2010"}],"wp:attachment":[{"href":"https:\/\/www.campingverneda.com\/blog\/wp-json\/wp\/v2\/media?parent=2009"}],"wp:term":[{"taxonomy":"category","embeddable":true,"href":"https:\/\/www.campingverneda.com\/blog\/wp-json\/wp\/v2\/categories?post=2009"},{"taxonomy":"post_tag","embeddable":true,"href":"https:\/\/www.campingverneda.com\/blog\/wp-json\/wp\/v2\/tags?post=2009"}],"curies":[{"name":"wp","href":"https:\/\/api.w.org\/{rel}","templated":true}]}}