{"id":2000,"date":"2017-07-19T15:20:01","date_gmt":"2017-07-19T15:20:01","guid":{"rendered":"http:\/\/www.campingverneda.com\/blog\/?p=2000"},"modified":"2019-03-03T16:39:16","modified_gmt":"2019-03-03T16:39:16","slug":"tardes-de-domingo-con-circoloco","status":"publish","type":"post","link":"https:\/\/www.campingverneda.com\/blog\/2017\/07\/19\/tardes-de-domingo-con-circoloco\/","title":{"rendered":"Tardes de domingo con Circoloco"},"content":{"rendered":"<p style=\"text-align: justify;\">Este domingo vuelven nuestros amigos coloridos favoritos, nuestros compa\u00f1eros s\u00faper divertidos del Circoloco regresan a Verneda Camping Mountain Resort para re\u00edr con los peque\u00f1os y mayores al mismo tiempo.<\/p>\n<p>A partir de este domingo y durante todo el verano (excepto el d\u00eda 30 de julio), hasta el 20 de agosto comenzamos el <strong>ciclo de actividades infantiles<\/strong> para los m\u00e1s peque\u00f1os de la casa.\u00a0 Payasos, malabares, maquillaje, humor y mucha magia son algunas de las actividades que se realizan en el <strong>Circoloco<\/strong>. Por eso, se ha convertido en la actividad estrella del verano, ya que tanto mayores como ni\u00f1os y ni\u00f1as se divierten por igual. Sin embargo, el Circoloco tambi\u00e9n es el evento perfecto, en el que los papis se relajan. Cuando aparecen nuestros payasos de Circoloco es cuando los s\u00faper papis y las s\u00faper mamis aprovechan para alargar la sobremesa hasta el final del show.<\/p>\n<p style=\"text-align: justify;\"><a href=\"http:\/\/www.campingverneda.com\/blog\/wp-content\/uploads\/2017\/07\/Circoloco_verneda_camping_mountainresort_valdaran_familia.jpg\"><img decoding=\"async\" loading=\"lazy\" class=\"alignnone size-full wp-image-2001\" src=\"http:\/\/www.campingverneda.com\/blog\/wp-content\/uploads\/2017\/07\/Circoloco_verneda_camping_mountainresort_valdaran_familia.jpg\" alt=\"Circoloco_verneda_camping_mountainresort_valdaran_familia\" width=\"945\" height=\"668\" srcset=\"https:\/\/www.campingverneda.com\/blog\/wp-content\/uploads\/2017\/07\/Circoloco_verneda_camping_mountainresort_valdaran_familia-300x212.jpg 300w, https:\/\/www.campingverneda.com\/blog\/wp-content\/uploads\/2017\/07\/Circoloco_verneda_camping_mountainresort_valdaran_familia-600x424.jpg 600w, https:\/\/www.campingverneda.com\/blog\/wp-content\/uploads\/2017\/07\/Circoloco_verneda_camping_mountainresort_valdaran_familia.jpg 945w\" sizes=\"(max-width: 945px) 100vw, 945px\" \/><\/a><\/p>\n<p>El Circoloco de este<strong> domingo 23 de julio<\/strong> viene de la mano de <strong>Betty &amp; Perla amb Totoro Show<\/strong>, una cita para que todos los peque\u00f1os\/as de Verneda Camping Mountain Resort r\u00edan a carcajadas mientras hacen nuevos amigos en un entorno \u00fanico como es nuestro Val d\u2019Aran.<\/p>\n<p style=\"text-align: justify;\">Reserva tus domingos de agosto a lo #VidaVerneda. Primero una buena paella en nuestro\u00a0 restaurante, despu\u00e9s una buena siesta en la nueva zona de jard\u00edn de la piscina y despu\u00e9s, ni\u00f1os entretenidos con Circoloco. \u00bfHay mejor plan de domingo? Las siguientes fechas para el <strong>mejor plan familiar<\/strong> de la Val d\u2019Aran son los <strong>domingos 6, 13 y 20 de agosto<\/strong>.<\/p>\n<p style=\"text-align: justify;\"><a href=\"http:\/\/www.campingverneda.com\/blog\/wp-content\/uploads\/2017\/07\/ninos_felices_circoloco_vernedacamping_mountainresort.jpg\"><img decoding=\"async\" loading=\"lazy\" class=\"alignnone size-full wp-image-2004\" src=\"http:\/\/www.campingverneda.com\/blog\/wp-content\/uploads\/2017\/07\/ninos_felices_circoloco_vernedacamping_mountainresort.jpg\" alt=\"ninos_felices_circoloco_vernedacamping_mountainresort\" width=\"945\" height=\"668\" srcset=\"https:\/\/www.campingverneda.com\/blog\/wp-content\/uploads\/2017\/07\/ninos_felices_circoloco_vernedacamping_mountainresort-300x212.jpg 300w, https:\/\/www.campingverneda.com\/blog\/wp-content\/uploads\/2017\/07\/ninos_felices_circoloco_vernedacamping_mountainresort-600x424.jpg 600w, https:\/\/www.campingverneda.com\/blog\/wp-content\/uploads\/2017\/07\/ninos_felices_circoloco_vernedacamping_mountainresort.jpg 945w\" sizes=\"(max-width: 945px) 100vw, 945px\" \/><\/a><\/p>\n<p style=\"text-align: justify;\">\u00bfTe acuerdas de cuando viste payasos por primera vez? \u00bfRecuerdas aquellas tardes de circo? Los domingos queremos ser el d\u00eda en el que nuestros peque\u00f1os escriban estos mismos recuerdos para que les acompa\u00f1en durante el resto del a\u00f1o, y para siempre. As\u00ed que este <strong>domingo 23 de julio<\/strong> os esperamos en el Totoro Show de los payasos Betty &amp; Perla.<\/p>\n","protected":false},"excerpt":{"rendered":"<p>Este domingo vuelven nuestros amigos coloridos favoritos, nuestros compa\u00f1eros s\u00faper divertidos del Circoloco regresan a Verneda Camping Mountain Resort para re\u00edr con los peque\u00f1os y [&hellip;]<\/p>\n","protected":false},"author":1,"featured_media":2002,"comment_status":"open","ping_status":"open","sticky":false,"template":"","format":"standard","meta":[],"categories":[72,69],"tags":[12,91,51,546,384,818],"_links":{"self":[{"href":"https:\/\/www.campingverneda.com\/blog\/wp-json\/wp\/v2\/posts\/2000"}],"collection":[{"href":"https:\/\/www.campingverneda.com\/blog\/wp-json\/wp\/v2\/posts"}],"about":[{"href":"https:\/\/www.campingverneda.com\/blog\/wp-json\/wp\/v2\/types\/post"}],"author":[{"embeddable":true,"href":"https:\/\/www.campingverneda.com\/blog\/wp-json\/wp\/v2\/users\/1"}],"replies":[{"embeddable":true,"href":"https:\/\/www.campingverneda.com\/blog\/wp-json\/wp\/v2\/comments?post=2000"}],"version-history":[{"count":4,"href":"https:\/\/www.campingverneda.com\/blog\/wp-json\/wp\/v2\/posts\/2000\/revisions"}],"predecessor-version":[{"id":2007,"href":"https:\/\/www.campingverneda.com\/blog\/wp-json\/wp\/v2\/posts\/2000\/revisions\/2007"}],"wp:featuredmedia":[{"embeddable":true,"href":"https:\/\/www.campingverneda.com\/blog\/wp-json\/wp\/v2\/media\/2002"}],"wp:attachment":[{"href":"https:\/\/www.campingverneda.com\/blog\/wp-json\/wp\/v2\/media?parent=2000"}],"wp:term":[{"taxonomy":"category","embeddable":true,"href":"https:\/\/www.campingverneda.com\/blog\/wp-json\/wp\/v2\/categories?post=2000"},{"taxonomy":"post_tag","embeddable":true,"href":"https:\/\/www.campingverneda.com\/blog\/wp-json\/wp\/v2\/tags?post=2000"}],"curies":[{"name":"wp","href":"https:\/\/api.w.org\/{rel}","templated":true}]}}