{"id":1994,"date":"2017-07-11T07:45:49","date_gmt":"2017-07-11T07:45:49","guid":{"rendered":"http:\/\/www.campingverneda.com\/blog\/?p=1994"},"modified":"2019-03-03T16:39:16","modified_gmt":"2019-03-03T16:39:16","slug":"mejor-con-la-casa-a-cuestas-y-en-la-montana","status":"publish","type":"post","link":"https:\/\/www.campingverneda.com\/blog\/2017\/07\/11\/mejor-con-la-casa-a-cuestas-y-en-la-montana\/","title":{"rendered":"Mejor con la casa a cuestas\u2026 \u00a1Y en la monta\u00f1a!"},"content":{"rendered":"<p style=\"text-align: justify;\">Ahora que ya estamos en plenas vacaciones de verano nos preguntamos, \u00bfcu\u00e1les son las mejores vacaciones? Por nuestra parte, como no pod\u00eda ser de otra forma, nos quedamos con las vacaciones de verano en la monta\u00f1a, concretamente en este rinc\u00f3n de los Pirineos, en la Val d\u2019Aran.<\/p>\n<p>Preferimos las vacaciones en la monta\u00f1a porque es donde podemos respirar, nos levantamos y s\u00f3lo hay paz, relax y tranquilidad; al contrario que en las ciudades, que siempre son un caos, y las playas, donde hace falta salir de casa al alba para encontrar un trozo de arena para montar el campamento del d\u00eda\u2026 As\u00ed pues, nos quedamos con las <strong>vacaciones en la monta\u00f1a y haciendo que cada d\u00eda sea diferente<\/strong>, <a href=\"https:\/\/www.facebook.com\/VernedaCampingMountainResort\/photos\/a.126335934206331.23626.125762777596980\/817994985040419\/?type=3&amp;theater\" target=\"_blank\">siempre con un buen plan<\/a>, y sintiendo estos d\u00edas libres como vacaciones de verdad.<\/p>\n<p style=\"text-align: justify;\"><a href=\"http:\/\/www.campingverneda.com\/blog\/wp-content\/uploads\/2017\/07\/turismoactivo_valdaran_verneda_camping_mountainresort.jpg\"><img decoding=\"async\" loading=\"lazy\" class=\"alignnone size-full wp-image-1995\" src=\"http:\/\/www.campingverneda.com\/blog\/wp-content\/uploads\/2017\/07\/turismoactivo_valdaran_verneda_camping_mountainresort.jpg\" alt=\"turismoactivo_valdaran_verneda_camping_mountainresort\" width=\"945\" height=\"668\" srcset=\"https:\/\/www.campingverneda.com\/blog\/wp-content\/uploads\/2017\/07\/turismoactivo_valdaran_verneda_camping_mountainresort-300x212.jpg 300w, https:\/\/www.campingverneda.com\/blog\/wp-content\/uploads\/2017\/07\/turismoactivo_valdaran_verneda_camping_mountainresort-600x424.jpg 600w, https:\/\/www.campingverneda.com\/blog\/wp-content\/uploads\/2017\/07\/turismoactivo_valdaran_verneda_camping_mountainresort.jpg 945w\" sizes=\"(max-width: 945px) 100vw, 945px\" \/><\/a><\/p>\n<p>Y como lo nuestro es el turismo activo, m\u00e1s en estas fechas de verano, recomendamos las vacaciones con la casa a cuestas, en furgoneta o autocaravana. <strong>La libertad de viajar en furgoneta o autocaravana es infinita<\/strong>, cada d\u00eda puedes despertar en un escenario nuevo y siempre con <a href=\"https:\/\/www.instagram.com\/vida_verneda\/\" target=\"_blank\">paisajes dignos de Instagram<\/a>.<\/p>\n<p>Como en Verneda Camping Mountain Resort somos muy fan de las furgonetas y las autocaravanas, tenemos la <a href=\"http:\/\/www.campingverneda.com\/es\/tarif_acampada.php\" target=\"_blank\">promoci\u00f3n especial de Sleep&amp;Go<\/a> para todas aquellas personas inquietas que s\u00f3lo busquen un espacio donde pernoctar con todas las comodidades\u00a0 necesarias para reponer fuerzas y seguir con el viaje, continuar sumando experiencias.<br \/>\nPero si lo que quieres es conocer los secretos de la Val d\u2019Aran, te recomendamos que aparques tu autocaravana o furgoneta unos d\u00edas en nuestro recinto y explores todo lo que ofrece este rec\u00f3ndito lugar de los Pirineos. Entre ellas, las excursiones guiadas y gratuitas para toda la familia que ponemos a vuestra disponibilidad desde Verneda Camping Mountain Resort.<\/p>\n<p style=\"text-align: justify;\"><a href=\"http:\/\/www.campingverneda.com\/blog\/wp-content\/uploads\/2017\/07\/autocaravana_verneda_camping_mountainresort.jpg\"><img decoding=\"async\" loading=\"lazy\" class=\"alignnone size-full wp-image-1997\" src=\"http:\/\/www.campingverneda.com\/blog\/wp-content\/uploads\/2017\/07\/autocaravana_verneda_camping_mountainresort.jpg\" alt=\"autocaravana_verneda_camping_mountainresort\" width=\"945\" height=\"668\" srcset=\"https:\/\/www.campingverneda.com\/blog\/wp-content\/uploads\/2017\/07\/autocaravana_verneda_camping_mountainresort-300x212.jpg 300w, https:\/\/www.campingverneda.com\/blog\/wp-content\/uploads\/2017\/07\/autocaravana_verneda_camping_mountainresort-600x424.jpg 600w, https:\/\/www.campingverneda.com\/blog\/wp-content\/uploads\/2017\/07\/autocaravana_verneda_camping_mountainresort.jpg 945w\" sizes=\"(max-width: 945px) 100vw, 945px\" \/><\/a><\/p>\n<p>Adem\u00e1s, con motivo de la <strong>2\u00aa edici\u00f3n de la Era Flower Vielha<\/strong>, durante los d\u00edas 4, 5 y 6 de agosto, en Verneda Camping Mountain Resort acogeremos la <a href=\"http:\/\/campingverneda.com\/es\/noticias.php?id=119\" target=\"_blank\">concentraci\u00f3n de Furgonetas Volkswagen<\/a>. As\u00ed que si eres un enamorado de las antiguas furgonetas Volkswagen puedes inscribirte a este evento hasta el 14 de julio.<\/p>\n<p>Despu\u00e9s de todo esto, \u00bfqu\u00e9 prefieres? \u00bfC\u00f3mo son tus vacaciones de verano perfectas?<\/p>\n","protected":false},"excerpt":{"rendered":"<p>Ahora que ya estamos en plenas vacaciones de verano nos preguntamos, \u00bfcu\u00e1les son las mejores vacaciones? Por nuestra parte, como no pod\u00eda ser de otra [&hellip;]<\/p>\n","protected":false},"author":1,"featured_media":1996,"comment_status":"open","ping_status":"open","sticky":false,"template":"","format":"standard","meta":[],"categories":[1],"tags":[830,853,852,851,318,103,850,818],"_links":{"self":[{"href":"https:\/\/www.campingverneda.com\/blog\/wp-json\/wp\/v2\/posts\/1994"}],"collection":[{"href":"https:\/\/www.campingverneda.com\/blog\/wp-json\/wp\/v2\/posts"}],"about":[{"href":"https:\/\/www.campingverneda.com\/blog\/wp-json\/wp\/v2\/types\/post"}],"author":[{"embeddable":true,"href":"https:\/\/www.campingverneda.com\/blog\/wp-json\/wp\/v2\/users\/1"}],"replies":[{"embeddable":true,"href":"https:\/\/www.campingverneda.com\/blog\/wp-json\/wp\/v2\/comments?post=1994"}],"version-history":[{"count":1,"href":"https:\/\/www.campingverneda.com\/blog\/wp-json\/wp\/v2\/posts\/1994\/revisions"}],"predecessor-version":[{"id":1998,"href":"https:\/\/www.campingverneda.com\/blog\/wp-json\/wp\/v2\/posts\/1994\/revisions\/1998"}],"wp:featuredmedia":[{"embeddable":true,"href":"https:\/\/www.campingverneda.com\/blog\/wp-json\/wp\/v2\/media\/1996"}],"wp:attachment":[{"href":"https:\/\/www.campingverneda.com\/blog\/wp-json\/wp\/v2\/media?parent=1994"}],"wp:term":[{"taxonomy":"category","embeddable":true,"href":"https:\/\/www.campingverneda.com\/blog\/wp-json\/wp\/v2\/categories?post=1994"},{"taxonomy":"post_tag","embeddable":true,"href":"https:\/\/www.campingverneda.com\/blog\/wp-json\/wp\/v2\/tags?post=1994"}],"curies":[{"name":"wp","href":"https:\/\/api.w.org\/{rel}","templated":true}]}}