{"id":1975,"date":"2017-07-04T06:56:19","date_gmt":"2017-07-04T06:56:19","guid":{"rendered":"http:\/\/www.campingverneda.com\/blog\/?p=1975"},"modified":"2019-03-03T16:39:17","modified_gmt":"2019-03-03T16:39:17","slug":"1975","status":"publish","type":"post","link":"https:\/\/www.campingverneda.com\/blog\/2017\/07\/04\/1975\/","title":{"rendered":"Vuelven Es Nets deth Verneda"},"content":{"rendered":"<p style=\"text-align: justify;\">\u00bfC\u00f3mo hab\u00e9is empezado el verano? El verano ya est\u00e1 aqu\u00ed y eso es sin\u00f3nimo en la Val d\u2019Aran de Es Nets deth Verneda.<\/p>\n<p style=\"text-align: justify;\">Es Nets deth Verneda son nuestras noches favoritas porque disfrutamos como los peque\u00f1os del camping, bailamos y re\u00edmos, compartimos y escribimos buenos recuerdos de estas vacaciones perfectas. As\u00ed para que no os perd\u00e1is estas noches tan especiales, aqu\u00ed os dejamos la agenda completa de Es Nets deth Verneda:<\/p>\n<p style=\"text-align: justify;\"><strong>Viernes, 13 de julio: Alid\u00e9<\/strong><\/p>\n<p style=\"text-align: justify;\">Alid\u00e9 Sans es vecina nuestra, orgulloso producto 100% Val d\u2019Aran. Compone, escribe y canta sus propias canciones, siempre en aran\u00e9s y con una gran influencia de ritmos procedentes de la rumba, el reggae y el soul.<\/p>\n<p style=\"text-align: justify;\">Adem\u00e1s este mismo d\u00edas estrenamos nuestra Cata Golfa con nuestros amigos de Eth Refu, buena m\u00fasica y cerveza artesana para inaugurar nuestra temporada de conciertos en la Val d\u2019Aran. Sigue nuestras redes sociales para m\u00e1s informaci\u00f3n.<\/p>\n<p style=\"text-align: justify;\"><a href=\"http:\/\/www.campingverneda.com\/blog\/wp-content\/uploads\/2017\/07\/sergi-verguenza-ajena.jpg\"><img decoding=\"async\" loading=\"lazy\" class=\"alignnone size-full wp-image-1977\" src=\"http:\/\/www.campingverneda.com\/blog\/wp-content\/uploads\/2017\/07\/sergi-verguenza-ajena.jpg\" alt=\"sergi-verguenza-ajena\" width=\"945\" height=\"668\" srcset=\"https:\/\/www.campingverneda.com\/blog\/wp-content\/uploads\/2017\/07\/sergi-verguenza-ajena-300x212.jpg 300w, https:\/\/www.campingverneda.com\/blog\/wp-content\/uploads\/2017\/07\/sergi-verguenza-ajena-600x424.jpg 600w, https:\/\/www.campingverneda.com\/blog\/wp-content\/uploads\/2017\/07\/sergi-verguenza-ajena.jpg 945w\" sizes=\"(max-width: 945px) 100vw, 945px\" \/><\/a><\/p>\n<p style=\"text-align: justify;\"><strong>Jueves, 20 de julio: Sergi, Tributo a la Rumba<\/strong><\/p>\n<p style=\"text-align: justify;\">El incombustible Sergi, ya conocido de a\u00f1os anteriores en la Val d&#8217;Aran por el ser el cantante de Verguenza Ajena, volver\u00e1 a Es Nets deth Verneda para ofrecer el mejor tributo a la rumba catalana. Su voz rasgada y su guitarra espa\u00f1ola no dejan indiferentes a nadie.<\/p>\n<p style=\"text-align: justify;\"><strong>Jueves, 27 de julio: Doble Rombo, las mejores versiones del pop rock espa\u00f1ol<\/strong><\/p>\n<p style=\"text-align: justify;\">Esta banda de Tarragona viene a este rinc\u00f3n de los Pirineos con una idea clara: hacer resurgir el rock &#8216;n&#8217; roll m\u00e1s canalla. Una cita imprescindible para pasarlo bien con sus divertidas canciones y sus ritmos m\u00e1s bailongos.<\/p>\n<p style=\"text-align: justify;\"><strong>Jueves, 3 de agosto: Radio Reggae<\/strong><\/p>\n<p style=\"text-align: justify;\">La banda de Reus Radio Reggae, realiz\u00f3 el a\u00f1o pasado m\u00e1s de 70 actuaciones y actu\u00f3 en los mejores escenarios de toda Europa (Vi\u00f1arock, Arenal Sound y Rototom entre otros).\u00a0 Si te gusta el reggae y el mestizaje, no puedes faltar.<\/p>\n<p style=\"text-align: justify;\"><strong>Jueves, 10 de agosto: La Klave<\/strong><br \/>\nEste grupo de amigos tambi\u00e9n de Tarragona, mezcla rumba y rock para crear canciones llenas de sentimiento como la del v\u00eddeo de a continuaci\u00f3n. Est\u00e1n preparadando su primer disco de estudio, el cual tendremos un peque\u00f1o adelanto en los conciertos al aire libre de Es Nets deth Verneda.<\/p>\n<div class=\"fusion-fullwidth fullwidth-box hundred-percent-fullwidth non-hundred-percent-height-scrolling\"  style='background-color: rgba(255,255,255,0);background-position: center center;background-repeat: no-repeat;padding-top:0px;padding-right:30px;padding-bottom:0px;padding-left:30px;border-top-width:0px;border-bottom-width:0px;border-color:#eae9e9;border-top-style:solid;border-bottom-style:solid;'><div class=\"fusion-builder-row fusion-row \"><div  class=\"fusion-layout-column fusion_builder_column fusion_builder_column_1_1  fusion-one-full fusion-column-first fusion-column-last fusion-column-no-min-height 1_1\"  style='margin-top:0px;margin-bottom:0px;'>\n\t\t\t\t\t<div class=\"fusion-column-wrapper\" style=\"background-position:left top;background-repeat:no-repeat;-webkit-background-size:cover;-moz-background-size:cover;-o-background-size:cover;background-size:cover;\"   data-bg-url=\"\">\n\t\t\t\t\t\t\n<div class=\"video-shortcode\"><iframe loading=\"lazy\" width=\"1778\" height=\"1000\" src=\"https:\/\/www.youtube.com\/embed\/DmK6nN0Cw-U?feature=oembed\" frameborder=\"0\" allow=\"accelerometer; autoplay; encrypted-media; gyroscope; picture-in-picture\" allowfullscreen><\/iframe><\/div>\n<p><strong>Jueves, 17 de agosto: Tributo a la Rumba con la colaboraci\u00f3n de Jose El Chatarra<\/strong><\/p>\n<p>\u00bfQui\u00e9n no conoce a Jose El Chatarra? Se ha conviertido en todo un imprescindible de Es Nets deth Verneda. Rumba catalana, descaro granuja y el m\u00e1s divertido de todos. \u00a1Uno m\u00e1s de la familia #VidaVerneda!<\/p>\n<p><strong>Jueves, 24 de agosto: Joy &amp; Soul<\/strong><\/p>\n<p>Este d\u00fao te har\u00e1 disfrutar del mejor pop del momento, los cl\u00e1sicos del funk y el soul con toda la frescura de Johana Zohler y la dulce Sol Homar.<\/p>\n<p><a href=\"http:\/\/www.campingverneda.com\/blog\/wp-content\/uploads\/2017\/07\/joy_and_soul_es_nets_deth_verneda.png\"><img decoding=\"async\" loading=\"lazy\" class=\"alignnone size-full wp-image-1978\" src=\"http:\/\/www.campingverneda.com\/blog\/wp-content\/uploads\/2017\/07\/joy_and_soul_es_nets_deth_verneda.png\" alt=\"joy_and_soul_es_nets_deth_verneda\" width=\"945\" height=\"668\" srcset=\"https:\/\/www.campingverneda.com\/blog\/wp-content\/uploads\/2017\/07\/joy_and_soul_es_nets_deth_verneda-300x212.png 300w, https:\/\/www.campingverneda.com\/blog\/wp-content\/uploads\/2017\/07\/joy_and_soul_es_nets_deth_verneda-600x424.png 600w, https:\/\/www.campingverneda.com\/blog\/wp-content\/uploads\/2017\/07\/joy_and_soul_es_nets_deth_verneda.png 945w\" sizes=\"(max-width: 945px) 100vw, 945px\" \/><\/a><\/p>\n<p>Ya ten\u00e9is las fechas, ahora s\u00f3lo hace falta esperar unos d\u00edas para volver a revivir un a\u00f1o m\u00e1s nuestras noches favoritas en la Val d\u2019Aran.<div class=\"fusion-clearfix\"><\/div>\n\n\t\t\t\t\t<\/div>\n\t\t\t\t<\/div><\/div><\/div>\n","protected":false},"excerpt":{"rendered":"<p>\u00bfC\u00f3mo hab\u00e9is empezado el verano? El verano ya est\u00e1 aqu\u00ed y eso es sin\u00f3nimo en la Val d\u2019Aran de Es Nets deth Verneda. Es Nets [&hellip;]<\/p>\n","protected":false},"author":1,"featured_media":1976,"comment_status":"open","ping_status":"open","sticky":false,"template":"","format":"standard","meta":[],"categories":[69],"tags":[546,477,849,298,818],"_links":{"self":[{"href":"https:\/\/www.campingverneda.com\/blog\/wp-json\/wp\/v2\/posts\/1975"}],"collection":[{"href":"https:\/\/www.campingverneda.com\/blog\/wp-json\/wp\/v2\/posts"}],"about":[{"href":"https:\/\/www.campingverneda.com\/blog\/wp-json\/wp\/v2\/types\/post"}],"author":[{"embeddable":true,"href":"https:\/\/www.campingverneda.com\/blog\/wp-json\/wp\/v2\/users\/1"}],"replies":[{"embeddable":true,"href":"https:\/\/www.campingverneda.com\/blog\/wp-json\/wp\/v2\/comments?post=1975"}],"version-history":[{"count":4,"href":"https:\/\/www.campingverneda.com\/blog\/wp-json\/wp\/v2\/posts\/1975\/revisions"}],"predecessor-version":[{"id":2863,"href":"https:\/\/www.campingverneda.com\/blog\/wp-json\/wp\/v2\/posts\/1975\/revisions\/2863"}],"wp:featuredmedia":[{"embeddable":true,"href":"https:\/\/www.campingverneda.com\/blog\/wp-json\/wp\/v2\/media\/1976"}],"wp:attachment":[{"href":"https:\/\/www.campingverneda.com\/blog\/wp-json\/wp\/v2\/media?parent=1975"}],"wp:term":[{"taxonomy":"category","embeddable":true,"href":"https:\/\/www.campingverneda.com\/blog\/wp-json\/wp\/v2\/categories?post=1975"},{"taxonomy":"post_tag","embeddable":true,"href":"https:\/\/www.campingverneda.com\/blog\/wp-json\/wp\/v2\/tags?post=1975"}],"curies":[{"name":"wp","href":"https:\/\/api.w.org\/{rel}","templated":true}]}}