{"id":1963,"date":"2017-06-20T14:40:45","date_gmt":"2017-06-20T14:40:45","guid":{"rendered":"http:\/\/www.campingverneda.com\/blog\/?p=1963"},"modified":"2019-03-03T16:39:17","modified_gmt":"2019-03-03T16:39:17","slug":"sant-joan-y-hola-verano","status":"publish","type":"post","link":"https:\/\/www.campingverneda.com\/blog\/2017\/06\/20\/sant-joan-y-hola-verano\/","title":{"rendered":"Sant Joan y&#8230; \u00a1Hola verano!"},"content":{"rendered":"<p>Ya estamos contando\u00a0 los d\u00edas para celebrar la noche de Sant Joan en la Val d\u2019Aran con todos vosotros, ya que siempre es una noche especial, y m\u00e1s en este rinc\u00f3n de los Pirineos.<\/p>\n<p>En los pueblos de <strong>Les y Arties<\/strong>, el solsticio de verano se celebra manteniendo sus ancestrales ra\u00edces de la <strong>Fiesta del Haro<\/strong> (tronco de abeto de entre 10 y 12 metros de largo), y por esta conservaci\u00f3n cultural de nuestras tradiciones aranesas, estas fiestas <strong>han sido declaradas Patrimonio Inmaterial de la Humanidad por la UNESCO.\u00a0<\/strong><\/p>\n<p>El ambiente de la noche de Sant Joan en la Val d\u2019Aran se hace notar en cuanto los ni\u00f1os y las ni\u00f1as acaban el curso escolar, ah\u00ed es cuando de verdad <strong>ya se sienten de cerca las esperadas vacaciones familiares de verano<\/strong>. \u00a1Ahora toda disfrutar de largos d\u00edas juntos y sin obligaciones! El <strong>23 de junio<\/strong> ya se concentran todos y todas en la <strong>vigilia de Sant Joan en el pueblo de Les<\/strong>, donde se quema el Haro despu\u00e9s de su bendici\u00f3n. Toda la historia de esta m\u00e1gica tradici\u00f3n aranesa la puedes seguir descubriendo en <a href=\"http:\/\/campingverneda.com\/es\/noticias.php?id=54&amp;pagina=1\">nuestra web<\/a>.<\/p>\n<p><a href=\"http:\/\/www.campingverneda.com\/blog\/wp-content\/uploads\/2017\/06\/IMG_4884.jpg\"><img decoding=\"async\" loading=\"lazy\" class=\"alignnone size-full wp-image-1964\" src=\"http:\/\/www.campingverneda.com\/blog\/wp-content\/uploads\/2017\/06\/IMG_4884.jpg\" alt=\"IMG_4884\" width=\"2000\" height=\"1333\" srcset=\"https:\/\/www.campingverneda.com\/blog\/wp-content\/uploads\/2017\/06\/IMG_4884-300x200.jpg 300w, https:\/\/www.campingverneda.com\/blog\/wp-content\/uploads\/2017\/06\/IMG_4884-600x400.jpg 600w, https:\/\/www.campingverneda.com\/blog\/wp-content\/uploads\/2017\/06\/IMG_4884-1024x682.jpg 1024w, https:\/\/www.campingverneda.com\/blog\/wp-content\/uploads\/2017\/06\/IMG_4884.jpg 2000w\" sizes=\"(max-width: 2000px) 100vw, 2000px\" \/><\/a><\/p>\n<p>Esta tradicional, ancestral, cultural y m\u00e1gica noche de Sant Joan en la Val d\u2019Aran, tambi\u00e9n marca la apertura de nuestras instalaciones de Verneda Camping Mountain Resort al 100%. A partir de aqu\u00ed abrimos ya nuestra piscina y se abre nuestro restaurante para <strong>largas veladas familiares bajo las estrellas<\/strong>; comienzan las <a href=\"http:\/\/www.campingverneda.com\/uploads\/files\/programa_excursions_2017.pdf\">excursiones guiadas gratuitas diarias<\/a> por algunos de nuestros parajes naturales m\u00e1s impresionantes de este valle aran\u00e9s; tambi\u00e9n llegan a partir de julio <a href=\"http:\/\/www.campingverneda.com\/blog\/2017\/06\/06\/ninos-y-ninas-a-lo-vidaverneda\/\">nuestros monitores para que los peque\u00f1os y peque\u00f1as de casa<\/a> conozcan nuevos amigos, aprendan a conocer, respetar y amar la naturaleza con divertidos juegos, y vivan un verano que nunca olvidar\u00e1n\u2026<\/p>\n<p>Adem\u00e1s tenemos una <strong>agenda<\/strong> bastante completa que puedes <a href=\"http:\/\/www.campingverneda.com\/blog\/2017\/06\/13\/agenda-verano-2017\/\">consultar aqu\u00ed<\/a> para no perderte ning\u00fan plan.<\/p>\n<p>\u00a1Hola verano!<\/p>\n","protected":false},"excerpt":{"rendered":"<p>Ya estamos contando\u00a0 los d\u00edas para celebrar la noche de Sant Joan en la Val d\u2019Aran con todos vosotros, ya que siempre es una noche [&hellip;]<\/p>\n","protected":false},"author":1,"featured_media":1966,"comment_status":"open","ping_status":"open","sticky":false,"template":"","format":"standard","meta":[],"categories":[69],"tags":[91,51,848,378,13,818],"_links":{"self":[{"href":"https:\/\/www.campingverneda.com\/blog\/wp-json\/wp\/v2\/posts\/1963"}],"collection":[{"href":"https:\/\/www.campingverneda.com\/blog\/wp-json\/wp\/v2\/posts"}],"about":[{"href":"https:\/\/www.campingverneda.com\/blog\/wp-json\/wp\/v2\/types\/post"}],"author":[{"embeddable":true,"href":"https:\/\/www.campingverneda.com\/blog\/wp-json\/wp\/v2\/users\/1"}],"replies":[{"embeddable":true,"href":"https:\/\/www.campingverneda.com\/blog\/wp-json\/wp\/v2\/comments?post=1963"}],"version-history":[{"count":1,"href":"https:\/\/www.campingverneda.com\/blog\/wp-json\/wp\/v2\/posts\/1963\/revisions"}],"predecessor-version":[{"id":1965,"href":"https:\/\/www.campingverneda.com\/blog\/wp-json\/wp\/v2\/posts\/1963\/revisions\/1965"}],"wp:featuredmedia":[{"embeddable":true,"href":"https:\/\/www.campingverneda.com\/blog\/wp-json\/wp\/v2\/media\/1966"}],"wp:attachment":[{"href":"https:\/\/www.campingverneda.com\/blog\/wp-json\/wp\/v2\/media?parent=1963"}],"wp:term":[{"taxonomy":"category","embeddable":true,"href":"https:\/\/www.campingverneda.com\/blog\/wp-json\/wp\/v2\/categories?post=1963"},{"taxonomy":"post_tag","embeddable":true,"href":"https:\/\/www.campingverneda.com\/blog\/wp-json\/wp\/v2\/tags?post=1963"}],"curies":[{"name":"wp","href":"https:\/\/api.w.org\/{rel}","templated":true}]}}