{"id":1952,"date":"2017-06-15T08:57:52","date_gmt":"2017-06-15T08:57:52","guid":{"rendered":"http:\/\/www.campingverneda.com\/blog\/?p=1952"},"modified":"2019-03-03T16:39:17","modified_gmt":"2019-03-03T16:39:17","slug":"actividades-para-mayores-a-lo-vidaverneda","status":"publish","type":"post","link":"https:\/\/www.campingverneda.com\/blog\/2017\/06\/15\/actividades-para-mayores-a-lo-vidaverneda\/","title":{"rendered":"Actividades para mayores a lo #VIDAVerneda"},"content":{"rendered":"<p style=\"text-align: justify;\">El verano ya est\u00e1 aqu\u00ed y eso nos encanta. Ahora es nuestro momento, colgamos en el armario de casa nuestro aburrido vestuario de trabajo para venir a la Val d\u2019Aran con las prendas m\u00e1s c\u00f3modas y gustosas que tenemos, y as\u00ed empieza el verano: preparados para vivir y disfrutar de cada instante con las <a href=\"http:\/\/campingverneda.com\/es\/actividades-list.php\">actividades de mayores<\/a> como si fu\u00e9semos los peque\u00f1os de casa. \u00a1Hola verano #VIDAVerneda!<\/p>\n<p style=\"text-align: justify;\">Una de las actividades con mejor acogida son las <strong>excursiones gratuitas por la Val d\u2019Aran<\/strong>. Durante todo el verano, de lunes a s\u00e1bado os proponemos <a href=\"http:\/\/www.campingverneda.com\/uploads\/files\/programa_excursions_2017.pdf\">excursiones acompa\u00f1adas de un gu\u00eda experto<\/a> que acerca a todos los curiosos a algunos de los puntos m\u00e1s impresionantes de este para\u00edso natural entre los Pirineos, como el Bosque encantado de Carlac \u201cBausen\u201d, los pueblos de Naut Aran, los lagos de Baciv\u00e8r y Rosari, y el Mirador del Aneto para buscar marmotas, entre otros.<\/p>\n<p style=\"text-align: justify;\">Los paladares m\u00e1s exquisitos pueden deleitarse con el Tastet d\u2019Aran. <strong>Las noches de Tastet d\u2019Aran son noches de sabores araneses<\/strong> cocinados para despertar todos los sentidos y quedarse siempre en tu recuerdo. \u00a1Una experiencia para chuparse los dedos!<\/p>\n<p style=\"text-align: justify;\"><a href=\"http:\/\/www.campingverneda.com\/blog\/wp-content\/uploads\/2017\/06\/Camping_verneda_tastet_val_aran1.jpg\"><img decoding=\"async\" loading=\"lazy\" class=\"alignnone size-full wp-image-1956\" src=\"http:\/\/www.campingverneda.com\/blog\/wp-content\/uploads\/2017\/06\/Camping_verneda_tastet_val_aran1.jpg\" alt=\"Camping_verneda_tastet_val_aran1\" width=\"1200\" height=\"800\" srcset=\"https:\/\/www.campingverneda.com\/blog\/wp-content\/uploads\/2017\/06\/Camping_verneda_tastet_val_aran1-300x200.jpg 300w, https:\/\/www.campingverneda.com\/blog\/wp-content\/uploads\/2017\/06\/Camping_verneda_tastet_val_aran1-600x400.jpg 600w, https:\/\/www.campingverneda.com\/blog\/wp-content\/uploads\/2017\/06\/Camping_verneda_tastet_val_aran1-1024x683.jpg 1024w, https:\/\/www.campingverneda.com\/blog\/wp-content\/uploads\/2017\/06\/Camping_verneda_tastet_val_aran1.jpg 1200w\" sizes=\"(max-width: 1200px) 100vw, 1200px\" \/><\/a><\/p>\n<p style=\"text-align: justify;\">A partir del d\u00eda 20 de julio, cada jueves en la Val d\u2019Aran es noche de m\u00fasica en directo con <strong>Es Nets deth Verneda<\/strong>. Aqu\u00ed, aunque suene a t\u00f3pico, la diversi\u00f3n est\u00e1 asegurada, y es cierto porque nuestras bandas vienen a Verneda Camping Mountain Resort a hacernos bailar a ritmo de rumba canalla, reggae, pop espa\u00f1ol, funk &amp; soul\u2026<\/p>\n<p style=\"text-align: justify;\">Y todo esto mientras los ni\u00f1os y ni\u00f1as se divierten con nuestros monitores en las <strong><a href=\"http:\/\/campingverneda.com\/uploads\/files\/actividades_2017_web.pdf\">actividades infantiles<\/a><\/strong> que tenemos para ellos. Relax. \u00bfQui\u00e9n va a disfrutar m\u00e1s de este verano, mayores o peque\u00f1os?<\/p>\n","protected":false},"excerpt":{"rendered":"<p>El verano ya est\u00e1 aqu\u00ed y eso nos encanta. Ahora es nuestro momento, colgamos en el armario de casa nuestro aburrido vestuario de trabajo para [&hellip;]<\/p>\n","protected":false},"author":1,"featured_media":1962,"comment_status":"open","ping_status":"open","sticky":false,"template":"","format":"standard","meta":[],"categories":[1,69],"tags":[91,546,516,846,847,818],"_links":{"self":[{"href":"https:\/\/www.campingverneda.com\/blog\/wp-json\/wp\/v2\/posts\/1952"}],"collection":[{"href":"https:\/\/www.campingverneda.com\/blog\/wp-json\/wp\/v2\/posts"}],"about":[{"href":"https:\/\/www.campingverneda.com\/blog\/wp-json\/wp\/v2\/types\/post"}],"author":[{"embeddable":true,"href":"https:\/\/www.campingverneda.com\/blog\/wp-json\/wp\/v2\/users\/1"}],"replies":[{"embeddable":true,"href":"https:\/\/www.campingverneda.com\/blog\/wp-json\/wp\/v2\/comments?post=1952"}],"version-history":[{"count":7,"href":"https:\/\/www.campingverneda.com\/blog\/wp-json\/wp\/v2\/posts\/1952\/revisions"}],"predecessor-version":[{"id":2438,"href":"https:\/\/www.campingverneda.com\/blog\/wp-json\/wp\/v2\/posts\/1952\/revisions\/2438"}],"wp:featuredmedia":[{"embeddable":true,"href":"https:\/\/www.campingverneda.com\/blog\/wp-json\/wp\/v2\/media\/1962"}],"wp:attachment":[{"href":"https:\/\/www.campingverneda.com\/blog\/wp-json\/wp\/v2\/media?parent=1952"}],"wp:term":[{"taxonomy":"category","embeddable":true,"href":"https:\/\/www.campingverneda.com\/blog\/wp-json\/wp\/v2\/categories?post=1952"},{"taxonomy":"post_tag","embeddable":true,"href":"https:\/\/www.campingverneda.com\/blog\/wp-json\/wp\/v2\/tags?post=1952"}],"curies":[{"name":"wp","href":"https:\/\/api.w.org\/{rel}","templated":true}]}}