{"id":1928,"date":"2017-06-20T07:31:37","date_gmt":"2017-06-20T07:31:37","guid":{"rendered":"http:\/\/www.campingverneda.com\/blog\/?p=1928"},"modified":"2019-03-06T09:16:57","modified_gmt":"2019-03-06T09:16:57","slug":"ventajas-de-acampar","status":"publish","type":"post","link":"https:\/\/www.campingverneda.com\/blog\/2017\/06\/20\/ventajas-de-acampar\/","title":{"rendered":"Ventajas de acampar"},"content":{"rendered":"<p style=\"text-align: justify;\">Despertarse bajo la sombra de nuestros centenarios \u00e1rboles, estirarse mientras los pajaritos se dan los buenos d\u00edas unos a otros, levantarse de la cama y salir descalzo a empezar un nuevo d\u00eda sintiendo los restos del roc\u00edo de la noche sobre los pies. \u00a1Bienvenidos y bienvenidas a los despertares en acampada a lo #VidaVerneda!<\/p>\n<p style=\"text-align: justify;\">Acampar es una maravilla, y la mejor opci\u00f3n para aprender a convivir en contacto directo con la Naturaleza. Los ni\u00f1os y las ni\u00f1as son los que m\u00e1s disfrutan de las vacaciones de acampada. Aunque los grupos de amigos tambi\u00e9n se echan buenas risas. Desde la emoci\u00f3n de llegar a este rinc\u00f3n m\u00e1gico de los Pirineos, elegir parcela y montar la tienda de campa\u00f1a. \u00bfCu\u00e1ntos momentos inolvidables guardamos de los montajes de tiendas de campa\u00f1a? \u00a1Imaginaros cu\u00e1ntas tiendas de campa\u00f1a hemos visto y ayudado a montar en estos \u00faltimos 31 a\u00f1os!<\/p>\n<p style=\"text-align: justify;\">\u00a1Un hurra por la innovaci\u00f3n y tecnolog\u00eda en tiendas de campa\u00f1a! <strong>\u00bfOs acord\u00e1is de vuestra primera tienda de campa\u00f1a y su primer montaje?<\/strong><\/p>\n<p style=\"text-align: justify;\"><a href=\"http:\/\/www.campingverneda.com\/blog\/wp-content\/uploads\/2017\/05\/acampada_ninos_familia_vrnedacampingmountainresort.jpg\"><img decoding=\"async\" loading=\"lazy\" class=\"alignnone size-full wp-image-1929\" src=\"http:\/\/www.campingverneda.com\/blog\/wp-content\/uploads\/2017\/05\/acampada_ninos_familia_vrnedacampingmountainresort.jpg\" alt=\"acampada_ninos_familia_vrnedacampingmountainresort\" width=\"945\" height=\"668\" srcset=\"https:\/\/www.campingverneda.com\/blog\/wp-content\/uploads\/2017\/05\/acampada_ninos_familia_vrnedacampingmountainresort-300x212.jpg 300w, https:\/\/www.campingverneda.com\/blog\/wp-content\/uploads\/2017\/05\/acampada_ninos_familia_vrnedacampingmountainresort-600x424.jpg 600w, https:\/\/www.campingverneda.com\/blog\/wp-content\/uploads\/2017\/05\/acampada_ninos_familia_vrnedacampingmountainresort.jpg 945w\" sizes=\"(max-width: 945px) 100vw, 945px\" \/><\/a><\/p>\n<p style=\"text-align: justify;\">Estos son los momentos y las sensaciones que nos acompa\u00f1an el resto del a\u00f1o, el resto de nuestra vida. Las <a href=\"http:\/\/campingverneda.com\/es\/acampada.php\" target=\"_blank\" rel=\"noopener\">parcelas de acampada en Verneda Camping Mountain Resort<\/a> son amplias y totalmente llanas, completamente adaptables a todas las necesidades. Hay conexi\u00f3n el\u00e9ctrica en todo el camping, y existe la posibilidad de reservar parcela si ya tienes alguna favorita de tus otras vacaciones, y tambi\u00e9n hay agua caliente gratuita 24h. Asimismo, la entrada al camping se encuentra custodiada por barreras, as\u00ed que la seguridad es total. <a href=\"https:\/\/www.pinterest.com\/vernedacampingmountainresort\/we-love-dogs\/\" target=\"_blank\" rel=\"noopener\">\u00bfY sabes que somos un establecimiento petfriendly?<\/a> As\u00ed que aqu\u00ed los perros son bienvenidos, y nos puedes encontrar como <a href=\"https:\/\/www.srperro.com\/camping-verneda\" target=\"_blank\" rel=\"noopener\">lugar de destino de vacaciones en SrPerro<\/a>.<\/p>\n<p style=\"text-align: justify;\"><a href=\"http:\/\/www.campingverneda.com\/blog\/wp-content\/uploads\/2017\/05\/acampada_ninos_campingverneda_mountain_resort_valdaran.png\"><img decoding=\"async\" loading=\"lazy\" class=\"alignnone size-full wp-image-1940\" src=\"http:\/\/www.campingverneda.com\/blog\/wp-content\/uploads\/2017\/05\/acampada_ninos_campingverneda_mountain_resort_valdaran.png\" alt=\"acampada_ninos_campingverneda_mountain_resort_valdaran\" width=\"945\" height=\"668\" srcset=\"https:\/\/www.campingverneda.com\/blog\/wp-content\/uploads\/2017\/05\/acampada_ninos_campingverneda_mountain_resort_valdaran-300x212.png 300w, https:\/\/www.campingverneda.com\/blog\/wp-content\/uploads\/2017\/05\/acampada_ninos_campingverneda_mountain_resort_valdaran-600x424.png 600w, https:\/\/www.campingverneda.com\/blog\/wp-content\/uploads\/2017\/05\/acampada_ninos_campingverneda_mountain_resort_valdaran.png 945w\" sizes=\"(max-width: 945px) 100vw, 945px\" \/><\/a><\/p>\n<p style=\"text-align: justify;\">Y si todav\u00eda no tienes claro tus planes de verano, te lo ponemos f\u00e1cil con la <strong>oferta de acampada para estancias de 5 noches hasta el 15\/07<\/strong> con el cup\u00f3n descuento ACAMPADAVERNEDA para las reservas online.<\/p>\n<p style=\"text-align: justify;\">Este verano siente la Val d\u2019Aran disfrutando de estos peque\u00f1os placeres de la vida, colecciona momentos y practica la #VidaVerneda.<\/p>\n","protected":false},"excerpt":{"rendered":"<p>Despertarse bajo la sombra de nuestros centenarios \u00e1rboles, estirarse mientras los pajaritos se dan los buenos d\u00edas unos a otros, levantarse de la cama y [&hellip;]<\/p>\n","protected":false},"author":1,"featured_media":1930,"comment_status":"open","ping_status":"open","sticky":false,"template":"","format":"standard","meta":[],"categories":[1,72],"tags":[327,93,766,765,715,666,769,768,767,500,665,51,546,713,11,822,627,818],"_links":{"self":[{"href":"https:\/\/www.campingverneda.com\/blog\/wp-json\/wp\/v2\/posts\/1928"}],"collection":[{"href":"https:\/\/www.campingverneda.com\/blog\/wp-json\/wp\/v2\/posts"}],"about":[{"href":"https:\/\/www.campingverneda.com\/blog\/wp-json\/wp\/v2\/types\/post"}],"author":[{"embeddable":true,"href":"https:\/\/www.campingverneda.com\/blog\/wp-json\/wp\/v2\/users\/1"}],"replies":[{"embeddable":true,"href":"https:\/\/www.campingverneda.com\/blog\/wp-json\/wp\/v2\/comments?post=1928"}],"version-history":[{"count":7,"href":"https:\/\/www.campingverneda.com\/blog\/wp-json\/wp\/v2\/posts\/1928\/revisions"}],"predecessor-version":[{"id":2909,"href":"https:\/\/www.campingverneda.com\/blog\/wp-json\/wp\/v2\/posts\/1928\/revisions\/2909"}],"wp:featuredmedia":[{"embeddable":true,"href":"https:\/\/www.campingverneda.com\/blog\/wp-json\/wp\/v2\/media\/1930"}],"wp:attachment":[{"href":"https:\/\/www.campingverneda.com\/blog\/wp-json\/wp\/v2\/media?parent=1928"}],"wp:term":[{"taxonomy":"category","embeddable":true,"href":"https:\/\/www.campingverneda.com\/blog\/wp-json\/wp\/v2\/categories?post=1928"},{"taxonomy":"post_tag","embeddable":true,"href":"https:\/\/www.campingverneda.com\/blog\/wp-json\/wp\/v2\/tags?post=1928"}],"curies":[{"name":"wp","href":"https:\/\/api.w.org\/{rel}","templated":true}]}}