{"id":1923,"date":"2017-06-13T07:05:02","date_gmt":"2017-06-13T07:05:02","guid":{"rendered":"http:\/\/www.campingverneda.com\/blog\/?p=1923"},"modified":"2019-03-03T16:39:17","modified_gmt":"2019-03-03T16:39:17","slug":"agenda-verano-2017","status":"publish","type":"post","link":"https:\/\/www.campingverneda.com\/blog\/2017\/06\/13\/agenda-verano-2017\/","title":{"rendered":"Agenda verano 2017"},"content":{"rendered":"<p style=\"text-align: justify;\">1, 2, 3 y llega el verano. Aunque lo hayamos pasado muy muy bien durante este \u00faltimo curso escolar, por mucho que hayamos aprendido y disfrutado de nuestro trabajo\u2026 <strong>\u00a1Ten\u00edamos ganas de verano!<\/strong> Ganas de que los d\u00edas le quiten horas a las noches, noches de cenas en camiseta de manga corta y sin mirar la hora de volver a casa.<\/p>\n<p style=\"text-align: justify;\">El verano ya est\u00e1 aqu\u00ed, ya lleg\u00f3, ya lleg\u00f3\u2026 -como dice esa canci\u00f3n-. Las t\u00edpicas canciones de verano se nos pegan desde que nos estamos duchando bien temprano, los p\u00e1jaros cantan durante toda la ma\u00f1ana y nuestra <strong>agenda de buenos planes veraniegos<\/strong> viene repleta. En Verneda Camping Mountain Resort, adem\u00e1s de todas las <a href=\"http:\/\/campingverneda.com\/es\/actividades-list.php\" target=\"_blank\">actividades previstas para mayores y peque\u00f1os,<\/a> tenemos una agenda de este verano\u00a0 para todos los gustos. Todav\u00eda nos faltan muchas fechas y actividades por concretar, pero aqu\u00ed os adelantamos algunos cl\u00e1sicos para que pod\u00e1is organizaros bien vuestros d\u00edas de vacaciones sin perderos nada de lo que tanto os gusta.<\/p>\n<p style=\"text-align: justify;\"><a href=\"http:\/\/www.campingverneda.com\/blog\/wp-content\/uploads\/2017\/05\/esnetsdethverneda_conciertos_vernedacamping_mountainresort.png\"><img decoding=\"async\" loading=\"lazy\" class=\"alignnone size-full wp-image-1938\" src=\"http:\/\/www.campingverneda.com\/blog\/wp-content\/uploads\/2017\/05\/esnetsdethverneda_conciertos_vernedacamping_mountainresort.png\" alt=\"esnetsdethverneda_conciertos_vernedacamping_mountainresort\" width=\"945\" height=\"668\" srcset=\"https:\/\/www.campingverneda.com\/blog\/wp-content\/uploads\/2017\/05\/esnetsdethverneda_conciertos_vernedacamping_mountainresort-300x212.png 300w, https:\/\/www.campingverneda.com\/blog\/wp-content\/uploads\/2017\/05\/esnetsdethverneda_conciertos_vernedacamping_mountainresort-600x424.png 600w, https:\/\/www.campingverneda.com\/blog\/wp-content\/uploads\/2017\/05\/esnetsdethverneda_conciertos_vernedacamping_mountainresort.png 945w\" sizes=\"(max-width: 945px) 100vw, 945px\" \/><\/a><\/p>\n<p style=\"text-align: justify;\"><strong>\u00b7 Es Nets deth Verneda<\/strong><\/p>\n<p style=\"text-align: justify;\">Vuelven <a href=\"https:\/\/www.pinterest.com\/vernedacampingmountainresort\/es-nets-deth-verneda\/\" target=\"_blank\">los conciertos bajo las estrellas de la Val d\u2019Aran<\/a>, la mejor ac\u00fastica entre estas monta\u00f1as de los Pirineos al son de la m\u00e1s divertida rumba, con m\u00fasicos capaces de mover las caderas de los cuerpos m\u00e1s \u2018troncos\u2019. Los jueves de este verano volvemos a vernos en Es Nets deth Verneda: 13\/07, 20\/07, 27\/07, 03\/08, 10\/08, 17\/08 y 24\/08.<br \/>\n<a href=\"http:\/\/www.campingverneda.com\/blog\/wp-content\/uploads\/2017\/05\/Circoloco_Domingos_CampingVerneda.jpg\"><img decoding=\"async\" loading=\"lazy\" class=\"alignnone size-full wp-image-1924\" src=\"http:\/\/www.campingverneda.com\/blog\/wp-content\/uploads\/2017\/05\/Circoloco_Domingos_CampingVerneda.jpg\" alt=\"Circoloco_Domingos_CampingVerneda\" width=\"945\" height=\"668\" srcset=\"https:\/\/www.campingverneda.com\/blog\/wp-content\/uploads\/2017\/05\/Circoloco_Domingos_CampingVerneda-300x212.jpg 300w, https:\/\/www.campingverneda.com\/blog\/wp-content\/uploads\/2017\/05\/Circoloco_Domingos_CampingVerneda-600x424.jpg 600w, https:\/\/www.campingverneda.com\/blog\/wp-content\/uploads\/2017\/05\/Circoloco_Domingos_CampingVerneda.jpg 945w\" sizes=\"(max-width: 945px) 100vw, 945px\" \/><\/a><br \/>\n<strong>\u00b7 Circoloco<\/strong><\/p>\n<p style=\"text-align: justify;\">Todos disfrutamos del <a href=\"https:\/\/www.pinterest.com\/vernedacampingmountainresort\/actividades-para-tods\/\" target=\"_blank\">Circoloco<\/a>, los peque\u00f1os m\u00e1s, pero los mayores tambi\u00e9n disfrutan de esta explosi\u00f3n de colores y risas en <a href=\"https:\/\/www.instagram.com\/vida_verneda\/\" target=\"_blank\">Verneda Camping Mountain Resort<\/a>. Nuestros payasos nos sacan ese lado inocente, ingenuo e infantil que en ocasiones olvidamos. Las fechas para re\u00edr a carcajadas son 23\/07, 06\/08, 13\/08 y 20\/08.<br \/>\n<a href=\"http:\/\/www.campingverneda.com\/blog\/wp-content\/uploads\/2017\/05\/Concentracion_furgonetas_volkswagen_1_blog.png\"><img decoding=\"async\" loading=\"lazy\" class=\"alignnone size-full wp-image-1925\" src=\"http:\/\/www.campingverneda.com\/blog\/wp-content\/uploads\/2017\/05\/Concentracion_furgonetas_volkswagen_1_blog.png\" alt=\"Concentracion_furgonetas_volkswagen_1_blog\" width=\"945\" height=\"668\" srcset=\"https:\/\/www.campingverneda.com\/blog\/wp-content\/uploads\/2017\/05\/Concentracion_furgonetas_volkswagen_1_blog-300x212.png 300w, https:\/\/www.campingverneda.com\/blog\/wp-content\/uploads\/2017\/05\/Concentracion_furgonetas_volkswagen_1_blog-600x424.png 600w, https:\/\/www.campingverneda.com\/blog\/wp-content\/uploads\/2017\/05\/Concentracion_furgonetas_volkswagen_1_blog.png 945w\" sizes=\"(max-width: 945px) 100vw, 945px\" \/><\/a><br \/>\n\u00b7 <strong><a href=\"https:\/\/www.facebook.com\/VernedaCampingMountainResort\/photos\/a.126335934206331.23626.125762777596980\/789688624537722\/?type=3&amp;theater\" target=\"_blank\">Era Flower Vielha 2017<\/a><\/strong><\/p>\n<p style=\"text-align: justify;\">Un fin de semana de lo m\u00e1s hippy en el que, como novedad en esta edici\u00f3n, albergamos la <strong>concentraci\u00f3n de furgonetas Volkswagen.<\/strong> Yoga para adultos y ni\u00f1os, talleres sobre Naturaleza, desfiles de moda, conciertos\u2026 Vielha vuelve a las d\u00e9cadas de los \u201960, \u201970 y \u201980 para aprender, re\u00edr y bailar durante un fin de semana repleto de #peaceandlove &#8211; #pazyamor -. Nos vemos vestidos de flores y colores psicod\u00e9licos los d\u00edas 4, 5 y 6 de agosto en el festival Flower Power que se realiza en Vielha.<\/p>\n<p style=\"text-align: justify;\">Os invitamos a seguir conectados a nuestras redes sociales para contaros novedades y nuevas actividades a lo #VidaVerneda. \u00a1Feliz verano!<\/p>\n","protected":false},"excerpt":{"rendered":"<p>1, 2, 3 y llega el verano. Aunque lo hayamos pasado muy muy bien durante este \u00faltimo curso escolar, por mucho que hayamos aprendido y [&hellip;]<\/p>\n","protected":false},"author":1,"featured_media":1959,"comment_status":"open","ping_status":"open","sticky":false,"template":"","format":"standard","meta":[],"categories":[1,69],"tags":[327,829,93,765,715,666,769,768,767,500,665,51,546,713,11,384,845,830,477,429,822,627],"_links":{"self":[{"href":"https:\/\/www.campingverneda.com\/blog\/wp-json\/wp\/v2\/posts\/1923"}],"collection":[{"href":"https:\/\/www.campingverneda.com\/blog\/wp-json\/wp\/v2\/posts"}],"about":[{"href":"https:\/\/www.campingverneda.com\/blog\/wp-json\/wp\/v2\/types\/post"}],"author":[{"embeddable":true,"href":"https:\/\/www.campingverneda.com\/blog\/wp-json\/wp\/v2\/users\/1"}],"replies":[{"embeddable":true,"href":"https:\/\/www.campingverneda.com\/blog\/wp-json\/wp\/v2\/comments?post=1923"}],"version-history":[{"count":9,"href":"https:\/\/www.campingverneda.com\/blog\/wp-json\/wp\/v2\/posts\/1923\/revisions"}],"predecessor-version":[{"id":1960,"href":"https:\/\/www.campingverneda.com\/blog\/wp-json\/wp\/v2\/posts\/1923\/revisions\/1960"}],"wp:featuredmedia":[{"embeddable":true,"href":"https:\/\/www.campingverneda.com\/blog\/wp-json\/wp\/v2\/media\/1959"}],"wp:attachment":[{"href":"https:\/\/www.campingverneda.com\/blog\/wp-json\/wp\/v2\/media?parent=1923"}],"wp:term":[{"taxonomy":"category","embeddable":true,"href":"https:\/\/www.campingverneda.com\/blog\/wp-json\/wp\/v2\/categories?post=1923"},{"taxonomy":"post_tag","embeddable":true,"href":"https:\/\/www.campingverneda.com\/blog\/wp-json\/wp\/v2\/tags?post=1923"}],"curies":[{"name":"wp","href":"https:\/\/api.w.org\/{rel}","templated":true}]}}