{"id":1907,"date":"2017-06-28T11:07:23","date_gmt":"2017-06-28T11:07:23","guid":{"rendered":"http:\/\/www.campingverneda.com\/blog\/?p=1907"},"modified":"2019-03-03T16:39:17","modified_gmt":"2019-03-03T16:39:17","slug":"concentracion-de-furgonetas-dentro-del-marco-de-era-flower-vielha","status":"publish","type":"post","link":"https:\/\/www.campingverneda.com\/blog\/2017\/06\/28\/concentracion-de-furgonetas-dentro-del-marco-de-era-flower-vielha\/","title":{"rendered":"Concentraci\u00f3n de furgonetas dentro de la programaci\u00f3n de Era Flower Vielha"},"content":{"rendered":"<p style=\"text-align: justify;\">\u00a1\u00a1Vuelve la Era Flower Vielha!!<\/p>\n<p style=\"text-align: justify;\">Nos gusta dar buenas noticias, y la de hoy es muy buena ya que anunciamos la segunda edici\u00f3n del festival m\u00e1s colorido de la Val d\u2019Aran: Era Flower Vielha 2017.<\/p>\n<p style=\"text-align: justify;\">El a\u00f1o pasado disfrutamos todos tanto, que este a\u00f1o lo est\u00e1bamos esperando con muchas ganas. Con esta fiesta volvemos a aquellas d\u00e9cadas hippies, sacamos ni\u00f1os y mayores todos los floripondios y extravagancias que guardamos al fondo del armario, maquillajes y pelucas, muchos collares y tremendos tocados y complementos de flores\u2026 \u00a1Todo vale en la <a href=\"http:\/\/www.vielha-mijaran.org\/ar\/agenda\/ver-evento\/318\/\" target=\"_blank\">Era Flower Vielha 2017<\/a>!<\/p>\n<p style=\"text-align: justify;\">Adem\u00e1s de este ambiente de lo m\u00e1s divertido, los mejores hits Funky y Disco de los \u201960, \u201970 y \u201980 ser\u00e1n la banda sonora de este fin de semana happy de la Val d\u2019Aran con muchas luces psicod\u00e9licas que nos animar\u00e1n a mover las caderas, y el resto del cuerpo.<br \/>\nPara que todos disfrutemos, Era Flower Vielha 2017 tiene organizadas un mont\u00f3n de actividades: Mercadillo Hippy y artesanal (Asoc. Artesans Val d&#8217;Ar\u00e1n), juegos para los ni\u00f1os (organizados por la asociaci\u00f3n de monitores Aran-Thal ), inflables, maquillajes, tattoos, disfraces, fiesta de la espuma\u2026 Tambi\u00e9n se podr\u00e1 participar en los distintos talleres: yoga, tai- chi, plantas medicinales, sobre murci\u00e9lagos, mariposas de colores y canto de los p\u00e1jaros, elaboraci\u00f3n de cintas de flores hippies, customizaci\u00f3n de la camiseta de ERA FLOWER 2017 (camiseta especial elaborada para el evento ).<\/p>\n<p style=\"text-align: justify;\"><a href=\"http:\/\/www.campingverneda.com\/blog\/wp-content\/uploads\/2017\/05\/floweepower_vielha_valdaran.png\"><img decoding=\"async\" loading=\"lazy\" class=\"alignnone size-full wp-image-1909\" src=\"http:\/\/www.campingverneda.com\/blog\/wp-content\/uploads\/2017\/05\/floweepower_vielha_valdaran.png\" alt=\"floweepower_vielha_valdaran\" width=\"945\" height=\"668\" srcset=\"https:\/\/www.campingverneda.com\/blog\/wp-content\/uploads\/2017\/05\/floweepower_vielha_valdaran-300x212.png 300w, https:\/\/www.campingverneda.com\/blog\/wp-content\/uploads\/2017\/05\/floweepower_vielha_valdaran-600x424.png 600w, https:\/\/www.campingverneda.com\/blog\/wp-content\/uploads\/2017\/05\/floweepower_vielha_valdaran.png 945w\" sizes=\"(max-width: 945px) 100vw, 945px\" \/><\/a><\/p>\n<p style=\"text-align: justify;\">Y, como no pod\u00eda ser de otra forma, el colof\u00f3n del festival m\u00e1s happy de los Pirineos es un Gran Guateque con m\u00fasica de estas d\u00e9cadas de las que tan fan somos, el m\u00edtico baile del Farollillo. Asimismo, Era Flower Vielha 2017 cuenta con dos Djs residentes, Sebas y Almansa, y un vibrante Final de Fiesta con el Revival Cocodrilo Club de Albert Malla. \u00a1La fiesta est\u00e1 asegurada!<\/p>\n<p style=\"text-align: justify;\">La Asociaci\u00f3n ADA, dedicada a personas con discapacidad, colabora con Era Flower Vielha 2017 elaborando llaveros para los esponsors, para tener un recuerdo de esta gran fiesta que perdure a la memoria de todos.<\/p>\n<p style=\"text-align: justify;\"><a href=\"http:\/\/www.campingverneda.com\/blog\/wp-content\/uploads\/2017\/05\/Concentracion_furgonetas_volkswagen_3_blog.png\"><img decoding=\"async\" loading=\"lazy\" class=\"alignnone size-full wp-image-1910\" src=\"http:\/\/www.campingverneda.com\/blog\/wp-content\/uploads\/2017\/05\/Concentracion_furgonetas_volkswagen_3_blog.png\" alt=\"Concentracion_furgonetas_volkswagen_3_blog\" width=\"945\" height=\"668\" srcset=\"https:\/\/www.campingverneda.com\/blog\/wp-content\/uploads\/2017\/05\/Concentracion_furgonetas_volkswagen_3_blog-300x212.png 300w, https:\/\/www.campingverneda.com\/blog\/wp-content\/uploads\/2017\/05\/Concentracion_furgonetas_volkswagen_3_blog-600x424.png 600w, https:\/\/www.campingverneda.com\/blog\/wp-content\/uploads\/2017\/05\/Concentracion_furgonetas_volkswagen_3_blog.png 945w\" sizes=\"(max-width: 945px) 100vw, 945px\" \/><\/a><br \/>\nLa gran novedad de este a\u00f1o es la <a href=\"http:\/\/campingverneda.com\/es\/noticias.php?id=119\" target=\"_blank\"><strong>concentraci\u00f3n de Furgonetas Volkswagen<\/strong><\/a>, que tendr\u00e1 lugar aqu\u00ed, en Verneda Camping Mountain Resort y con un mont\u00f3n de actividades previstas para los conductores m\u00e1s hippies de la carretera. Las i<strong>nscripciones est\u00e1n abiertas hasta el 14 de julio<\/strong>, \u00bfte apuntas?<\/p>\n<p style=\"text-align: justify;\">Todo esto son s\u00f3lo algunas de las acciones previstas. Consulta el programa de la Era Flower Vielha 2017 para tener m\u00e1s informaci\u00f3n y, sobre todo, sigue todas las novedades desde nuestros perfiles en redes sociales, como Twitter, Facebook e Instagram.<\/p>\n","protected":false},"excerpt":{"rendered":"<p>\u00a1\u00a1Vuelve la Era Flower Vielha!! Nos gusta dar buenas noticias, y la de hoy es muy buena ya que anunciamos la segunda edici\u00f3n del festival [&hellip;]<\/p>\n","protected":false},"author":1,"featured_media":1908,"comment_status":"open","ping_status":"open","sticky":false,"template":"","format":"standard","meta":[],"categories":[1],"tags":[842,835,837,838,830,832,836,833,834,831,840,839,841,818,843],"_links":{"self":[{"href":"https:\/\/www.campingverneda.com\/blog\/wp-json\/wp\/v2\/posts\/1907"}],"collection":[{"href":"https:\/\/www.campingverneda.com\/blog\/wp-json\/wp\/v2\/posts"}],"about":[{"href":"https:\/\/www.campingverneda.com\/blog\/wp-json\/wp\/v2\/types\/post"}],"author":[{"embeddable":true,"href":"https:\/\/www.campingverneda.com\/blog\/wp-json\/wp\/v2\/users\/1"}],"replies":[{"embeddable":true,"href":"https:\/\/www.campingverneda.com\/blog\/wp-json\/wp\/v2\/comments?post=1907"}],"version-history":[{"count":5,"href":"https:\/\/www.campingverneda.com\/blog\/wp-json\/wp\/v2\/posts\/1907\/revisions"}],"predecessor-version":[{"id":1983,"href":"https:\/\/www.campingverneda.com\/blog\/wp-json\/wp\/v2\/posts\/1907\/revisions\/1983"}],"wp:featuredmedia":[{"embeddable":true,"href":"https:\/\/www.campingverneda.com\/blog\/wp-json\/wp\/v2\/media\/1908"}],"wp:attachment":[{"href":"https:\/\/www.campingverneda.com\/blog\/wp-json\/wp\/v2\/media?parent=1907"}],"wp:term":[{"taxonomy":"category","embeddable":true,"href":"https:\/\/www.campingverneda.com\/blog\/wp-json\/wp\/v2\/categories?post=1907"},{"taxonomy":"post_tag","embeddable":true,"href":"https:\/\/www.campingverneda.com\/blog\/wp-json\/wp\/v2\/tags?post=1907"}],"curies":[{"name":"wp","href":"https:\/\/api.w.org\/{rel}","templated":true}]}}