{"id":1570,"date":"2016-10-05T11:30:16","date_gmt":"2016-10-05T11:30:16","guid":{"rendered":"http:\/\/www.campingverneda.com\/blog\/?p=1570"},"modified":"2019-03-03T16:39:23","modified_gmt":"2019-03-03T16:39:23","slug":"nuestros-paisajes-son-cultura","status":"publish","type":"post","link":"https:\/\/www.campingverneda.com\/blog\/2016\/10\/05\/nuestros-paisajes-son-cultura\/","title":{"rendered":"Nuestros paisajes son cultura"},"content":{"rendered":"<p style=\"text-align: justify;\">El oto\u00f1o en la Val d\u2019Aran es sin\u00f3nimo de cultura y tradici\u00f3n. Es una de las \u00e9pocas del a\u00f1o en la que los ganaderos recogen la hierba de sus prados para generar la comida para el ganado durante los siguientes meses m\u00e1s fr\u00edos. El oto\u00f1o tambi\u00e9n es la \u00e9poca de la trashumancia.<br \/>\nLa trashumancia se define como un tipo de pastoreo en continuo movimiento, que se adapta a zonas de productividad cambiante. Por ejemplo, a\u00f1os atr\u00e1s, los oscenses atravesaban los valles y llegaban a la Val d\u2019Aran por la Artiga de Lin y dejaban all\u00ed su ganado para que \u00e9stos pastaran las hierbas de este valle de valles. En cambio, en la Val d\u2019Aran, gracias a la abundancia de monta\u00f1as y prados, no se practicaba la trashumancia sino que, en oto\u00f1o, el ganado que estaba en las zonas m\u00e1s altas de las monta\u00f1as, se bajaba a los prados y granjas antes de la llegada del invierno y la nieve. En primavera, al contrario, despu\u00e9s del fr\u00edo invierno aran\u00e9s, con la llegada de los d\u00edas m\u00e1s largos y temperaturas m\u00e1s altas, el ganado era conducido a las partes m\u00e1s altas de las monta\u00f1as.<\/p>\n<p style=\"text-align: justify;\"><a href=\"http:\/\/www.campingverneda.com\/blog\/wp-content\/uploads\/2016\/10\/cavallos_feriasganaderas_valdaran.jpg\"><img decoding=\"async\" loading=\"lazy\" class=\"alignnone size-full wp-image-1572\" src=\"http:\/\/www.campingverneda.com\/blog\/wp-content\/uploads\/2016\/10\/cavallos_feriasganaderas_valdaran.jpg\" alt=\"cavallos_feriasganaderas_valdaran\" width=\"945\" height=\"668\" srcset=\"https:\/\/www.campingverneda.com\/blog\/wp-content\/uploads\/2016\/10\/cavallos_feriasganaderas_valdaran-300x212.jpg 300w, https:\/\/www.campingverneda.com\/blog\/wp-content\/uploads\/2016\/10\/cavallos_feriasganaderas_valdaran-600x424.jpg 600w, https:\/\/www.campingverneda.com\/blog\/wp-content\/uploads\/2016\/10\/cavallos_feriasganaderas_valdaran.jpg 945w\" sizes=\"(max-width: 945px) 100vw, 945px\" \/><\/a><\/p>\n<p>El oto\u00f1o tambi\u00e9n es la \u00e9poca en las que se realizan las <strong>ferias ganaderas<\/strong> m\u00e1s importantes del territorio. Todas se llevan a cabo a finales de esta semana, <strong>entre el 6 y el 8 de octubre<\/strong>, fecha en la que se celebran las ferias ganaderas en los pueblos de Les, Vielha y Salard\u00fa. En estas ferias tradicionales, se exhiben los mejores ejemplares de las razas aut\u00f3ctonas de la Val d\u2019Aran, entre las que destacan caballos, vacas, cabras y ovejas. Adem\u00e1s, habitualmente se celebran concursos de ganado, y tambi\u00e9n hay lugar para la diversi\u00f3n, ya que se realizan actividades tradicionales agr\u00edcolas y ganaderas, adem\u00e1s de mercados artesanales. As\u00ed, las ferias ganaderas son eventos perfectos para pasar el d\u00eda\u00a0 en familia o con amigos. En el pueblo de Boss\u00f2st tambi\u00e9n se celebra la feria ganadera pero este a\u00f1o se ha trasladado al d\u00eda 31 de octubre, dentro del calendario de actividades de Era Mongetada, del cual hablaremos en un pr\u00f3ximo post.<\/p>\n<p><strong>Tradiciones agro-ganaderas en la Val d\u2019Aran, patrimonio cultural y natural<\/strong><\/p>\n<p>Debido a la importancia de las ferias en el territorio y en la cultura de la Val d\u2019Aran, entrevistamos a <strong>Jos\u00e9 Manuel Monge<\/strong>, director del Camping Verneda y pay\u00e9s de coraz\u00f3n.<\/p>\n<p><strong>\u00bfPara qu\u00e9 sirven las ferias ganaderas?<\/strong><br \/>\nEstas ferias sirven para exponer el ganado, compararlo con los de los dem\u00e1s payeses y tambi\u00e9n para fijar los precios de los animales, siempre seg\u00fan la oferta y la demanda del momento. Tambi\u00e9n sirven para destacar a los animales m\u00e1s fuertes.<\/p>\n<p><strong>\u00bfC\u00f3mo recuerdas las \u00e9pocas de la trashumancia?<\/strong><br \/>\nEn la Val d\u2019Aran no se practica la trashumancia, ya que no necesitamos movernos a otros valles porque tenemos monta\u00f1as y prados suficientes como para abastecer a todos los animales. Pero lo que recuerdo de estas \u00e9pocas son las largas horas en la monta\u00f1a y la recogida de patatas y jud\u00edas. Se recog\u00edan para abastecer a la familia durante todo el a\u00f1o, y lo que sobraba se vend\u00eda a otras familias. Pero no se vend\u00eda a cambio de dinero, sino que se trataba m\u00e1s bien de un trueque en el que se cambian patatas por latas de sardina o bacalao y botellas de aceite. Recuerdo estas \u00e9pocas con mucha nostalgia.<\/p>\n<p style=\"text-align: justify;\"><a href=\"http:\/\/www.campingverneda.com\/blog\/wp-content\/uploads\/2016\/10\/ovejas_feras_ganaderas_valdaran.jpg\"><img decoding=\"async\" loading=\"lazy\" class=\"alignnone size-full wp-image-1573\" src=\"http:\/\/www.campingverneda.com\/blog\/wp-content\/uploads\/2016\/10\/ovejas_feras_ganaderas_valdaran.jpg\" alt=\"ovejas_feras_ganaderas_valdaran\" width=\"945\" height=\"668\" srcset=\"https:\/\/www.campingverneda.com\/blog\/wp-content\/uploads\/2016\/10\/ovejas_feras_ganaderas_valdaran-300x212.jpg 300w, https:\/\/www.campingverneda.com\/blog\/wp-content\/uploads\/2016\/10\/ovejas_feras_ganaderas_valdaran-600x424.jpg 600w, https:\/\/www.campingverneda.com\/blog\/wp-content\/uploads\/2016\/10\/ovejas_feras_ganaderas_valdaran.jpg 945w\" sizes=\"(max-width: 945px) 100vw, 945px\" \/><\/a><br \/>\n<strong>\u00bfCu\u00e1nto sol\u00edais tardar en bajar todo el ganado a los prados m\u00e1s bajos para despu\u00e9s transportarlo a las ferias?<\/strong><br \/>\nEn el caso del pueblo de Arr\u00f2s, se tardaba unas nueve horas en bajar los animales de las monta\u00f1as. Se prolongaba la traves\u00eda unas cuatro horas en subir, recoger el ganado, y despu\u00e9s bajar al pueblo. Era un d\u00eda muy divertido, ya que entre los payeses se escog\u00eda a la vaca m\u00e1s fuerte, aquella que iba a dominar al resto del reba\u00f1o y lo conducir\u00eda a las cotas m\u00e1s bajas. Exist\u00eda cierta rivalidad entre la gente del pueblo, pero una rivalidad sana, nada de malas caras.<\/p>\n<p>Unos d\u00edas antes de las ferias, los tratantes sub\u00edan a las monta\u00f1as para visitar a los ganados, y all\u00ed se decid\u00edan muchas veces cu\u00e1les iban a ser perfectos para vender e, incluso, se podr\u00eda llegar a fijar el precio de una vaca o una oveja.<\/p>\n<p><strong>\u00bfCu\u00e1l ha sido la evoluci\u00f3n de la payes\u00eda en la Val d\u2019Aran?<\/strong><br \/>\nEn estos momentos es casi inexistente. Se ha pasado de orde\u00f1ar y vivir de las vacas a vivir del\u00a0 turismo. Hoy en d\u00eda hay muy pocos que se puedan dedicar \u00fanicamente a esto.<\/p>\n<p><strong>\u00bfQu\u00e9 es lo que echas de menos de esas \u00e9pocas?<\/strong><br \/>\nEcho de menos la uni\u00f3n de los pueblos y la colaboraci\u00f3n que hab\u00eda entre los vecinos en todos los sentidos\u2026 Las reuniones en las monta\u00f1as para subir el ganado eran momentos muy divertidos y de mucha uni\u00f3n. Tambi\u00e9n recuerdo con especial a\u00f1oranza la matanza del cerdo, que tambi\u00e9n se realizaba en oto\u00f1o y supon\u00eda un momento de reuni\u00f3n entre los vecinos, amigos y familiares m\u00e1s cercanos. Esta tradici\u00f3n, adem\u00e1s de ser uno de los mayores sustentos de las familias, ya que se\u00a0 aprovechaba todo, era un momento de reuni\u00f3n con los seres m\u00e1s queridos, y tambi\u00e9n ente los vecinos de los pueblos. Asimismo, recuerdo las rondas que hac\u00edamos los payeses en los bares del pueblo una vez termin\u00e1bamos la jornada.<\/p>\n<p><strong>\u00bfY en Arr\u00f2s, hab\u00eda bares? Porque hoy en d\u00eda no hay ninguno\u2026<\/strong><br \/>\nS\u00ed. Si no recuerdo mal, hab\u00eda cuatro bares: Casa Jose Antonio, Es de Sauvador, Es de Penha, y otro que no recuerdo el nombre. Se sol\u00eda hacer la ruta de los cuatro bares, en cada uno de ellos tom\u00e1bamos \u2018barreja\u2019, una mezcla de moscatel y an\u00eds o moscatel y ron.<\/p>\n<p>Aunque parezca mentira, tal como est\u00e1n los pueblos de despoblados hoy en d\u00eda, tambi\u00e9n ven\u00edan malabaristas y payasos. \u00a1Hab\u00eda mucha vida en los pueblos de anta\u00f1o!<br \/>\n<a href=\"http:\/\/www.campingverneda.com\/blog\/wp-content\/uploads\/2016\/10\/vacas_otoantigu_josemanuelmonge_valdaran.png\"><img decoding=\"async\" loading=\"lazy\" class=\"alignnone size-full wp-image-1574\" src=\"http:\/\/www.campingverneda.com\/blog\/wp-content\/uploads\/2016\/10\/vacas_otoantigu_josemanuelmonge_valdaran.png\" alt=\"vacas_otoantigu_josemanuelmonge_valdaran\" width=\"945\" height=\"668\" srcset=\"https:\/\/www.campingverneda.com\/blog\/wp-content\/uploads\/2016\/10\/vacas_otoantigu_josemanuelmonge_valdaran-300x212.png 300w, https:\/\/www.campingverneda.com\/blog\/wp-content\/uploads\/2016\/10\/vacas_otoantigu_josemanuelmonge_valdaran-600x424.png 600w, https:\/\/www.campingverneda.com\/blog\/wp-content\/uploads\/2016\/10\/vacas_otoantigu_josemanuelmonge_valdaran.png 945w\" sizes=\"(max-width: 945px) 100vw, 945px\" \/><\/a><br \/>\n<strong>\u00bfPor qu\u00e9 dejaste la ganader\u00eda?<\/strong><br \/>\nPorque no se pod\u00eda subsistir Yo ten\u00eda un m\u00ednimo de 25 vacas y resultaba muy dif\u00edcil trabajar en la monta\u00f1a, no s\u00f3lo por las condiciones meteorol\u00f3gicas, ya que somos gente de los Pirineos y eso no nos importaba, pero era pr\u00e1cticamente imposible subir maquinaria a la monta\u00f1a. Y poco a poco, el turismo fue ganando terreno y convirti\u00e9ndose en algo mucho m\u00e1s rentable. Por eso decid\u00ed montar el Camping Verneda, ya que, por aquel entonces, la oferta tur\u00edstica estival en Aran era casi inexistente.<\/p>\n<p>Pero una de las consecuencias de este cambio de tendencia fue el abandono de los pueblos y de su entorno que vemos hoy en d\u00eda. Antes se trabajaba la tierra, la Val d\u2019Aran estaba verde y cuidada. Hoy en d\u00eda, con la falta de payeses y, sobre todo, la falta de dedicaci\u00f3n, la mayor\u00eda de los prados de Aran se encuentran descuidados. Por ejemplo, este verano, en el que hemos sufrido un poco de sequ\u00eda, los prados descuidados suponen un problema, ya que es muy f\u00e1cil que ardan y que se quemen nuestras monta\u00f1as.<\/p>\n<p>Desde aqu\u00ed, me gustar\u00eda hacer un llamamiento a las autoridades e instituciones de la Val d\u2019Aran para que ayuden y colaboren en la preservaci\u00f3n del paisaje aran\u00e9s. Por ejemplo, en pa\u00edses como Suiza o Austria, las instituciones p\u00fablicas dan subvenciones a los payeses para que se pueda mantener y conservar un entorno paisaj\u00edstico y tur\u00edstico adecuado. \u00bfPor qu\u00e9 no tomar estos pa\u00edses de referencia para ver nuestro valle de valles cuidado?<\/p>\n<p style=\"text-align: justify;\"><a href=\"http:\/\/www.campingverneda.com\/blog\/wp-content\/uploads\/2016\/10\/prados_valdaran_pirineos.jpg\"><img decoding=\"async\" loading=\"lazy\" class=\"alignnone size-full wp-image-1576\" src=\"http:\/\/www.campingverneda.com\/blog\/wp-content\/uploads\/2016\/10\/prados_valdaran_pirineos.jpg\" alt=\"prados_valdaran_pirineos\" width=\"945\" height=\"668\" srcset=\"https:\/\/www.campingverneda.com\/blog\/wp-content\/uploads\/2016\/10\/prados_valdaran_pirineos-300x212.jpg 300w, https:\/\/www.campingverneda.com\/blog\/wp-content\/uploads\/2016\/10\/prados_valdaran_pirineos-600x424.jpg 600w, https:\/\/www.campingverneda.com\/blog\/wp-content\/uploads\/2016\/10\/prados_valdaran_pirineos.jpg 945w\" sizes=\"(max-width: 945px) 100vw, 945px\" \/><\/a><\/p>\n<p>Despu\u00e9s del gran sacrificio que han hecho generaciones anteriores, no debemos permitir que su huella se pierda para siempre. No abogo por una\u00a0 vuelta al pasado, sino una modernizaci\u00f3n racional de las explotaciones en base a los sistemas tradicionales entre las cuales cabe destacar formas de explotaci\u00f3n de bosques y matorrales adaptadas a las condiciones de monta\u00f1a y la posible comercializaci\u00f3n de la producci\u00f3n forestal (biomasa y otras producciones madereras que puedan reactivar las serrer\u00edas) y la bonificaci\u00f3n de tasas y c\u00e1nones que gravan las actividades de pastoreo, reconoci\u00e9ndolo como labor medioambiental.<\/p>\n<p style=\"text-align: justify;\">\nEn nuestras manos est\u00e1 la preservaci\u00f3n de las monta\u00f1as de Aran: nuestros paisajes constituyen un elemento importante del patrimonio cultural y natural.<\/p>\n","protected":false},"excerpt":{"rendered":"<p>El oto\u00f1o en la Val d\u2019Aran es sin\u00f3nimo de cultura y tradici\u00f3n. Es una de las \u00e9pocas del a\u00f1o en la que los ganaderos recogen [&hellip;]<\/p>\n","protected":false},"author":1,"featured_media":1571,"comment_status":"open","ping_status":"open","sticky":false,"template":"","format":"standard","meta":[],"categories":[71],"tags":[570,572,121,492,11,573,564,556,558,557,567,153,219,571,545,576,575,574,565,559,560,568,117,566,151,561,62,563,562,569,13,301,42,74],"_links":{"self":[{"href":"https:\/\/www.campingverneda.com\/blog\/wp-json\/wp\/v2\/posts\/1570"}],"collection":[{"href":"https:\/\/www.campingverneda.com\/blog\/wp-json\/wp\/v2\/posts"}],"about":[{"href":"https:\/\/www.campingverneda.com\/blog\/wp-json\/wp\/v2\/types\/post"}],"author":[{"embeddable":true,"href":"https:\/\/www.campingverneda.com\/blog\/wp-json\/wp\/v2\/users\/1"}],"replies":[{"embeddable":true,"href":"https:\/\/www.campingverneda.com\/blog\/wp-json\/wp\/v2\/comments?post=1570"}],"version-history":[{"count":2,"href":"https:\/\/www.campingverneda.com\/blog\/wp-json\/wp\/v2\/posts\/1570\/revisions"}],"predecessor-version":[{"id":1577,"href":"https:\/\/www.campingverneda.com\/blog\/wp-json\/wp\/v2\/posts\/1570\/revisions\/1577"}],"wp:featuredmedia":[{"embeddable":true,"href":"https:\/\/www.campingverneda.com\/blog\/wp-json\/wp\/v2\/media\/1571"}],"wp:attachment":[{"href":"https:\/\/www.campingverneda.com\/blog\/wp-json\/wp\/v2\/media?parent=1570"}],"wp:term":[{"taxonomy":"category","embeddable":true,"href":"https:\/\/www.campingverneda.com\/blog\/wp-json\/wp\/v2\/categories?post=1570"},{"taxonomy":"post_tag","embeddable":true,"href":"https:\/\/www.campingverneda.com\/blog\/wp-json\/wp\/v2\/tags?post=1570"}],"curies":[{"name":"wp","href":"https:\/\/api.w.org\/{rel}","templated":true}]}}