{"id":1461,"date":"2016-08-09T15:11:45","date_gmt":"2016-08-09T15:11:45","guid":{"rendered":"http:\/\/www.campingverneda.com\/blog\/?p=1461"},"modified":"2019-03-03T16:39:26","modified_gmt":"2019-03-03T16:39:26","slug":"entrevista-a-bicicletas-sin-fronteras","status":"publish","type":"post","link":"https:\/\/www.campingverneda.com\/blog\/2016\/08\/09\/entrevista-a-bicicletas-sin-fronteras\/","title":{"rendered":"Entrevista a Bicicletas Sin Fronteras"},"content":{"rendered":"<p style=\"text-align: justify;\">Este a\u00f1o celebramos nuestro aniversario con todos vosotros, los que viv\u00eds en la Val d\u2019Aran y todos aquellos que ven\u00eds a pasar unas vacaciones perfectas con nosotros en este espectacular rinc\u00f3n de los Pirineos. Pero tambi\u00e9n lo queremos celebrar con todas aquellas familias que no tienen recursos econ\u00f3micos suficientes para hacer tareas que son tan cotidianas para nuestra forma de vida, como ir al colegio.<\/p>\n<p style=\"text-align: justify;\">Por ello, Camping Verneda se ha unido a <a href=\"http:\/\/www.bicicletassinfronteras.org\/\" target=\"_blank\">Bicicletas Sin Fronteras<\/a> como punto de recogida de bicicletas donadas que, tras ser reparadas en sus propios talleres de inserci\u00f3n laboral, ser\u00e1n utilizadas en su proyecto <strong>Bicicletas para la Educaci\u00f3n en Palmar\u00edn<\/strong> (Senegal).<\/p>\n<p style=\"text-align: justify;\"><a href=\"http:\/\/www.campingverneda.com\/blog\/wp-content\/uploads\/2016\/08\/Captura-de-pantalla-2016-08-09-a-las-17.06.32.png\"><img decoding=\"async\" loading=\"lazy\" class=\"alignnone size-full wp-image-1463\" src=\"http:\/\/www.campingverneda.com\/blog\/wp-content\/uploads\/2016\/08\/Captura-de-pantalla-2016-08-09-a-las-17.06.32.png\" alt=\"Captura de pantalla 2016-08-09 a las 17.06.32\" width=\"1099\" height=\"380\" srcset=\"https:\/\/www.campingverneda.com\/blog\/wp-content\/uploads\/2016\/08\/Captura-de-pantalla-2016-08-09-a-las-17.06.32-300x104.png 300w, https:\/\/www.campingverneda.com\/blog\/wp-content\/uploads\/2016\/08\/Captura-de-pantalla-2016-08-09-a-las-17.06.32-600x207.png 600w, https:\/\/www.campingverneda.com\/blog\/wp-content\/uploads\/2016\/08\/Captura-de-pantalla-2016-08-09-a-las-17.06.32-1024x354.png 1024w, https:\/\/www.campingverneda.com\/blog\/wp-content\/uploads\/2016\/08\/Captura-de-pantalla-2016-08-09-a-las-17.06.32.png 1099w\" sizes=\"(max-width: 1099px) 100vw, 1099px\" \/><\/a><\/p>\n<p style=\"text-align: justify;\"><strong>\u00bfQu\u00e9 es lo que os impuls\u00f3 a desarrollar la idea de crear Bicicletas Sin Fronteras?<\/strong><\/p>\n<p style=\"text-align: justify;\">La idea es moverse por algo que tenga sentido en tu vida, b\u00e1sicamente, y las bicicletas como medio.<\/p>\n<p style=\"text-align: justify;\"><strong>\u00bfCu\u00e1ndo visteis la necesidad de crear los talleres de inserci\u00f3n laboral?<\/strong><\/p>\n<p style=\"text-align: justify;\">No la inventamos nosotros sino que nos asociamos con una entidad que ya lo hac\u00eda, y ve\u00edamos que ten\u00eda m\u00e1s sentido para nosotros.<\/p>\n<p style=\"text-align: justify;\"><strong>\u00bfC\u00f3mo ha evolucionado el proyecto durante estos \u00faltimos a\u00f1os?<\/strong><\/p>\n<p style=\"text-align: justify;\">Cada tres meses cambia el rumbo. Es como pisar un suelo no firme y la incertidumbre es la que nos hace avanzar. No hay un formato.\u00a0 Cada tres meses cambiamos una cosa que antes ten\u00eda sentido y que ahora no lo tiene porque a lo mejor tal vez no avanza.<\/p>\n<p style=\"text-align: justify;\"><strong>\u00bfPor qu\u00e9 se crea Bicicletas para Educaci\u00f3n en Palmar\u00edn? \u00bfQu\u00e9 fue lo que os llev\u00f3 hasta esta regi\u00f3n de Senegal?<\/strong><\/p>\n<p style=\"text-align: justify;\">Lo que nos llev\u00f3 hasta esta regi\u00f3n fue que\u00a0 ten\u00edamos 4 puntos de Senegal para ir a visitar, cogimos la bici y este fue el elegido. No hay un por qu\u00e9 sino un para qu\u00e9: nos sentimos bien, geogr\u00e1ficamente ten\u00eda mucho sentido, tal como est\u00e1 ubicado el Instituto de la carretera que le une a los 4 pueblos, es un sitio que es un delta y en el \u00faltimo pueblo se acaba la tierra firme y comienza el mar. Bueno, <span style=\"text-decoration: underline;\">todo tiene un sentido<\/span>.<\/p>\n<p style=\"text-align: justify;\">Senegal porque quer\u00edamos desarrollar un proyecto de cooperaci\u00f3n internacional creado de 0 al 10 y de la A a la Z en que pudi\u00e9ramos elegir ser directores de todo el proyecto: desde que se elige el Instituto, la relaci\u00f3n con el Ayuntamiento, los receptores, las bicicletas, criterios etc&#8230;<\/p>\n<p style=\"text-align: justify;\"><strong>Hasta la fecha, \u00bfqu\u00e9 es lo que m\u00e1s os ha emocionado en BSF?<\/strong><\/p>\n<p style=\"text-align: justify;\">A mi personalmente, y creo que a todos, es que el proyecto tenga sentido. \u00bfY cu\u00e1ndo tiene sentido? Cuando realmente lo sientes y ahora lo sentimos. Tanto el proyecto nacional como internacional tienen un sentido muy potente porque tenemos una vinculaci\u00f3n con los receptores y esto es lo que nos emociona personalmente, no el n\u00famero de bicicletas y la cantidad de pa\u00edses sino que podamos mirar a los ojos a los receptores y que disfrutemos de nuestro trabajo.<\/p>\n<p style=\"text-align: justify;\"><strong>\u00bfY qu\u00e9 es lo que m\u00e1s os ha sorprendido de la respuesta de la gente a vuestras acciones?<\/strong><\/p>\n<p style=\"text-align: justify;\">La gente nos felicita pero no estoy sorprendido de la respuesta de la gente. Ahora, si como gente hablamos de los receptores, s\u00ed: en \u00c1frica e India el hacer entrega de bicis cobra una dimensi\u00f3n sobrenatural. En la India, una vez en una aldea, una anciana de 80 a\u00f1os empez\u00f3 a gritar que por fin dios hab\u00eda aparecido y era la cosa mas trascendente que hab\u00eda pasado en su vida \u00a1Entregamos unas 100 bicis!<\/p>\n<p style=\"text-align: justify;\"><strong>\u00bfQui\u00e9nes son las personas m\u00e1s solidarias? \u00bfD\u00f3nde hab\u00e9is encontrado mejor respuesta de las personas?<\/strong><\/p>\n<p style=\"text-align: justify;\">Los que reciben son las personas m\u00e1s solidarias.<\/p>\n<p style=\"text-align: justify;\">En \u00c1frica es donde hemos encontrado mejor repuesta. La gente es muy solidaria, todo el mundo es solidario en Senegal. Ah\u00ed no es necesario crear una ONG. En la India tambi\u00e9n encontramos muy buena respuesta. Pero no hay un ranking, cualquier sitio al que vamos nos atienden muy bien. En Espa\u00f1a es m\u00e1s dif\u00edcil la respuesta emocional, y la colaboraci\u00f3n es m\u00e1s compleja.<\/p>\n<p style=\"text-align: justify;\"><strong>\u00bfPor qu\u00e9 es tan importante participar en vuestro proyecto Bicicletas para Educaci\u00f3n en Palmar\u00edn?<\/strong><\/p>\n<p style=\"text-align: justify;\">Porque hay ni\u00f1os de 12, 13, 14 hasta 20 a\u00f1os que deben andar 7 km cada d\u00eda por unas pistas polvorientas con unas chancletas de pl\u00e1stico, sin comer, y eso explicado es duro pero vivirlo es la bomba. Lo viven resignados ya que tienen una cualidad humana para aceptar que todo est\u00e1 bien&#8230; \u00a1Incre\u00edble! Pero es duro de narices.<\/p>\n<p style=\"text-align: justify;\"><a href=\"http:\/\/www.campingverneda.com\/blog\/wp-content\/uploads\/2016\/08\/Captura-de-pantalla-2016-08-09-a-las-17.06.04.png\"><img decoding=\"async\" loading=\"lazy\" class=\"alignnone size-full wp-image-1464\" src=\"http:\/\/www.campingverneda.com\/blog\/wp-content\/uploads\/2016\/08\/Captura-de-pantalla-2016-08-09-a-las-17.06.04.png\" alt=\"Captura de pantalla 2016-08-09 a las 17.06.04\" width=\"1107\" height=\"375\" srcset=\"https:\/\/www.campingverneda.com\/blog\/wp-content\/uploads\/2016\/08\/Captura-de-pantalla-2016-08-09-a-las-17.06.04-300x102.png 300w, https:\/\/www.campingverneda.com\/blog\/wp-content\/uploads\/2016\/08\/Captura-de-pantalla-2016-08-09-a-las-17.06.04-600x203.png 600w, https:\/\/www.campingverneda.com\/blog\/wp-content\/uploads\/2016\/08\/Captura-de-pantalla-2016-08-09-a-las-17.06.04-1024x347.png 1024w, https:\/\/www.campingverneda.com\/blog\/wp-content\/uploads\/2016\/08\/Captura-de-pantalla-2016-08-09-a-las-17.06.04.png 1107w\" sizes=\"(max-width: 1107px) 100vw, 1107px\" \/><\/a><\/p>\n<p style=\"text-align: justify;\"><strong>Una vez recogidas todas las bicicletas, \u00bfc\u00f3mo las transport\u00e1is hasta Palmar\u00edn? \u00bfCu\u00e1l es el proceso? \u00bfQu\u00e9 entidades colaboran con vosotros de forma activa?<\/strong><\/p>\n<p style=\"text-align: justify;\">V\u00eda contenedor. Las recogemos en Espa\u00f1a, las reparamos en Barcelona y las env\u00edanos a Senegal por contenedor.\u00a0 EINA ACTIVA, BICICLOT y FUNDACI\u00d3N PLATAFORMA EDUCATIVA son las entidades que colaboran con nosotros, m\u00e1s un mont\u00f3n de empresas que nos hacen donativos econ\u00f3micos de los cu\u00e1les estamos encantados.<\/p>\n<p style=\"text-align: justify;\"><strong>Una vez en Palmar\u00edn, \u00bfc\u00f3mo reacciona la ciudadan\u00eda cuando os ven llegar?<\/strong><\/p>\n<p style=\"text-align: justify;\">Es impresionante. En Senegal una bici cuesta entre 60,00 y 80,00 euros y el sueldo de un alba\u00f1il es de 80,00\u20ac. Cuando tu llegas con 300 bicis para donar, el jubilo que se despierta en una zona rural lejos de Dakar, es impresionante. Nosotros, los de laFundaci\u00f3n, podr\u00edamos estar ah\u00ed sin pagar la comida ni el dormir durante todo el tiempo que quisi\u00e9ramos porque el agradecimiento es muy sincero, es desde el coraz\u00f3n. Incluso la gente que no recibe bicis tambi\u00e9n nos felicitan. Este es el agradecimiento que recibimos y que nos hacen ciudadanos de Palmar\u00edn, porque hemos hecho una cosa para el pueblo y eso tiene un valor y as\u00ed lo recibimos.<\/p>\n<p><iframe loading=\"lazy\" width=\"853\" height=\"480\" src=\"https:\/\/www.youtube.com\/embed\/GenmELhNTkA\" frameborder=\"0\" allowfullscreen><\/iframe><\/p>\n<p style=\"text-align: justify;\">Ahora ya s\u00f3lo falt\u00e1is vosotros con vuestras bicicletas olvidadas en el garaje o en alg\u00fan rinc\u00f3n de la casa ocupando sitio. Familias enteras se van a beneficiar de nuestra y vuestra solidaridad en este 30 aniversario de Camping Verneda. Tambi\u00e9n pod\u00e9is apadrinar una bicicleta <a href=\"http:\/\/www.bicicletassinfronteras.org\/colabora-con-nosotros\/#SenegalBsF\" target=\"_blank\">aqu\u00ed<\/a>. \u00bfNos ayud\u00e1is a ayudar?<\/p>\n","protected":false},"excerpt":{"rendered":"<p>Este a\u00f1o celebramos nuestro aniversario con todos vosotros, los que viv\u00eds en la Val d\u2019Aran y todos aquellos que ven\u00eds a pasar unas vacaciones perfectas [&hellip;]<\/p>\n","protected":false},"author":1,"featured_media":1394,"comment_status":"open","ping_status":"open","sticky":false,"template":"","format":"standard","meta":[],"categories":[1,72,69],"tags":[462,461,287,440,435,47,91,11,458,459,14,460,13,42],"_links":{"self":[{"href":"https:\/\/www.campingverneda.com\/blog\/wp-json\/wp\/v2\/posts\/1461"}],"collection":[{"href":"https:\/\/www.campingverneda.com\/blog\/wp-json\/wp\/v2\/posts"}],"about":[{"href":"https:\/\/www.campingverneda.com\/blog\/wp-json\/wp\/v2\/types\/post"}],"author":[{"embeddable":true,"href":"https:\/\/www.campingverneda.com\/blog\/wp-json\/wp\/v2\/users\/1"}],"replies":[{"embeddable":true,"href":"https:\/\/www.campingverneda.com\/blog\/wp-json\/wp\/v2\/comments?post=1461"}],"version-history":[{"count":3,"href":"https:\/\/www.campingverneda.com\/blog\/wp-json\/wp\/v2\/posts\/1461\/revisions"}],"predecessor-version":[{"id":1466,"href":"https:\/\/www.campingverneda.com\/blog\/wp-json\/wp\/v2\/posts\/1461\/revisions\/1466"}],"wp:featuredmedia":[{"embeddable":true,"href":"https:\/\/www.campingverneda.com\/blog\/wp-json\/wp\/v2\/media\/1394"}],"wp:attachment":[{"href":"https:\/\/www.campingverneda.com\/blog\/wp-json\/wp\/v2\/media?parent=1461"}],"wp:term":[{"taxonomy":"category","embeddable":true,"href":"https:\/\/www.campingverneda.com\/blog\/wp-json\/wp\/v2\/categories?post=1461"},{"taxonomy":"post_tag","embeddable":true,"href":"https:\/\/www.campingverneda.com\/blog\/wp-json\/wp\/v2\/tags?post=1461"}],"curies":[{"name":"wp","href":"https:\/\/api.w.org\/{rel}","templated":true}]}}