{"id":1455,"date":"2016-08-03T12:31:31","date_gmt":"2016-08-03T12:31:31","guid":{"rendered":"http:\/\/www.campingverneda.com\/blog\/?p=1455"},"modified":"2019-03-03T16:39:26","modified_gmt":"2019-03-03T16:39:26","slug":"cual-es-tu-mejor-historia-de-la-vidaverneda","status":"publish","type":"post","link":"https:\/\/www.campingverneda.com\/blog\/2016\/08\/03\/cual-es-tu-mejor-historia-de-la-vidaverneda\/","title":{"rendered":"\u00bfCu\u00e1l es tu mejor historia de la #VidaVerneda?"},"content":{"rendered":"<p style=\"text-align: justify;\">Nos encanta cumplir a\u00f1os, y m\u00e1s si es a vuestro lado. Este verano, como muchos ya sab\u00e9is, estamos celebrando nuestro 30 aniversario de #VidaVerneda. \u00bfC\u00f3mo pasa el tiempo tan sumamente r\u00e1pido? Por eso, tenemos un verano inmensamente largo y con decenas de actividades pensadas y preparadas para todos los gustos.<\/p>\n<p style=\"text-align: justify;\">En estos 30 a\u00f1os muchos hab\u00e9is pasado por casualidad y otros con nocturnidad y alevos\u00eda, pero todos os hab\u00e9is quedado, hab\u00e9is repetido y continu\u00e1is haci\u00e9ndolo de forma habitual. \u00a1Muchas gracias por tenernos en vuestras listas de favoritos!<\/p>\n<p style=\"text-align: justify;\">Lo cierto es que el paisaje que nos rodea en este rinc\u00f3n de los Pirineos es nuestro punto fuerte, tenemos el gran privilegio de vivir en la Val d\u2019Aran, y la obligaci\u00f3n moral de mostraros en vuestras visitas el camino a los lugares m\u00e1s rec\u00f3nditos y bonitos, esos que se quedan grabados en la retina eternamente.<\/p>\n<p style=\"text-align: justify;\"><a href=\"http:\/\/www.campingverneda.com\/blog\/wp-content\/uploads\/2016\/08\/camping_verneda_familiar_pirineos.jpg\"><img decoding=\"async\" loading=\"lazy\" class=\"alignnone size-full wp-image-1456\" src=\"http:\/\/www.campingverneda.com\/blog\/wp-content\/uploads\/2016\/08\/camping_verneda_familiar_pirineos.jpg\" alt=\"camping_verneda_familiar_pirineos\" width=\"945\" height=\"668\" srcset=\"https:\/\/www.campingverneda.com\/blog\/wp-content\/uploads\/2016\/08\/camping_verneda_familiar_pirineos-300x212.jpg 300w, https:\/\/www.campingverneda.com\/blog\/wp-content\/uploads\/2016\/08\/camping_verneda_familiar_pirineos-600x424.jpg 600w, https:\/\/www.campingverneda.com\/blog\/wp-content\/uploads\/2016\/08\/camping_verneda_familiar_pirineos.jpg 945w\" sizes=\"(max-width: 945px) 100vw, 945px\" \/><\/a><\/p>\n<p style=\"text-align: justify;\">Y ya que gracias a vosotros cumplimos 30 a\u00f1os fomentando las vacaciones familiares y entre amigos en el camping, os proponemos formar parte del concurso narrativo \u2018<strong>Cuenta TU historia #VidaVerneda<\/strong>\u2019. \u00bfQu\u00e9 es lo que m\u00e1s te gusta de nuestro camping pirenaico? \u00bfPrefieres la Val d\u2019Aran en invierno o en verano? \u00bfEres de ba\u00f1os en las frescas aguas del r\u00edo o prefieres nuestra piscina con floraci\u00f3n salina y tirarte con los peque\u00f1os por el tobog\u00e1n? \u00bfTe decantas m\u00e1s por bungalow, montar la tienda de campa\u00f1a en familia o venir con amigos en autocaravana o furgoneta?<\/p>\n<p style=\"text-align: justify;\">El formato de este concurso es muy sencillo y puedes consultar <a href=\"http:\/\/www.campingverneda.com\/blog\/wp-content\/uploads\/2016\/05\/Bases-concurso-blog-CV.pdf\" target=\"_blank\">aqu\u00ed las bases<\/a>, pero b\u00e1sicamente debes mandarnos un texto breve sobre tu mejor momento con nosotros en Camping Verneda. El texto lo publicaremos en este nuestro blog y, si ganas el concurso, te invitaremos a un fin de semana en uno de nuestros bungalows hechos a medida para que est\u00e9s como en casa, o mejor ya que desde aqu\u00ed se ven las estrellas cada noche, siempre y cuando las nubes nos lo permitan.<\/p>\n<p style=\"text-align: justify;\">\u00bfA qu\u00e9 esperas? Aprovecha los momentos de ir de un lado a otro, las sobremesas infinitas de verano y los instantes con calma para explicarnos esos momentos que jam\u00e1s olvidar\u00e1s de la #VidaVerneda.<\/p>\n<p style=\"text-align: justify;\"><a href=\"http:\/\/www.campingverneda.com\/blog\/wp-content\/uploads\/2016\/08\/camping_verneda_familiar_pirineos_val_daran.jpg\"><img decoding=\"async\" loading=\"lazy\" class=\"alignnone size-full wp-image-1458\" src=\"http:\/\/www.campingverneda.com\/blog\/wp-content\/uploads\/2016\/08\/camping_verneda_familiar_pirineos_val_daran.jpg\" alt=\"camping_verneda_familiar_pirineos_val_daran\" width=\"945\" height=\"668\" srcset=\"https:\/\/www.campingverneda.com\/blog\/wp-content\/uploads\/2016\/08\/camping_verneda_familiar_pirineos_val_daran-300x212.jpg 300w, https:\/\/www.campingverneda.com\/blog\/wp-content\/uploads\/2016\/08\/camping_verneda_familiar_pirineos_val_daran-600x424.jpg 600w, https:\/\/www.campingverneda.com\/blog\/wp-content\/uploads\/2016\/08\/camping_verneda_familiar_pirineos_val_daran.jpg 945w\" sizes=\"(max-width: 945px) 100vw, 945px\" \/><\/a><\/p>\n","protected":false},"excerpt":{"rendered":"<p>Nos encanta cumplir a\u00f1os, y m\u00e1s si es a vuestro lado. Este verano, como muchos ya sab\u00e9is, estamos celebrando nuestro 30 aniversario de #VidaVerneda. \u00bfC\u00f3mo [&hellip;]<\/p>\n","protected":false},"author":1,"featured_media":1287,"comment_status":"open","ping_status":"open","sticky":false,"template":"","format":"standard","meta":[],"categories":[1,71,72,69],"tags":[327,339,382,456,12,91,51,11,337,455,14,292,457,13,42,454,40,74],"_links":{"self":[{"href":"https:\/\/www.campingverneda.com\/blog\/wp-json\/wp\/v2\/posts\/1455"}],"collection":[{"href":"https:\/\/www.campingverneda.com\/blog\/wp-json\/wp\/v2\/posts"}],"about":[{"href":"https:\/\/www.campingverneda.com\/blog\/wp-json\/wp\/v2\/types\/post"}],"author":[{"embeddable":true,"href":"https:\/\/www.campingverneda.com\/blog\/wp-json\/wp\/v2\/users\/1"}],"replies":[{"embeddable":true,"href":"https:\/\/www.campingverneda.com\/blog\/wp-json\/wp\/v2\/comments?post=1455"}],"version-history":[{"count":2,"href":"https:\/\/www.campingverneda.com\/blog\/wp-json\/wp\/v2\/posts\/1455\/revisions"}],"predecessor-version":[{"id":1459,"href":"https:\/\/www.campingverneda.com\/blog\/wp-json\/wp\/v2\/posts\/1455\/revisions\/1459"}],"wp:featuredmedia":[{"embeddable":true,"href":"https:\/\/www.campingverneda.com\/blog\/wp-json\/wp\/v2\/media\/1287"}],"wp:attachment":[{"href":"https:\/\/www.campingverneda.com\/blog\/wp-json\/wp\/v2\/media?parent=1455"}],"wp:term":[{"taxonomy":"category","embeddable":true,"href":"https:\/\/www.campingverneda.com\/blog\/wp-json\/wp\/v2\/categories?post=1455"},{"taxonomy":"post_tag","embeddable":true,"href":"https:\/\/www.campingverneda.com\/blog\/wp-json\/wp\/v2\/tags?post=1455"}],"curies":[{"name":"wp","href":"https:\/\/api.w.org\/{rel}","templated":true}]}}