{"id":1441,"date":"2016-07-26T13:59:50","date_gmt":"2016-07-26T13:59:50","guid":{"rendered":"http:\/\/www.campingverneda.com\/blog\/?p=1441"},"modified":"2019-03-03T16:39:26","modified_gmt":"2019-03-03T16:39:26","slug":"cocina-todo-el-dia-viva-el-verano","status":"publish","type":"post","link":"https:\/\/www.campingverneda.com\/blog\/2016\/07\/26\/cocina-todo-el-dia-viva-el-verano\/","title":{"rendered":"Cocina todo el d\u00eda\u2026 \u00a1Viva el verano!"},"content":{"rendered":"<p style=\"text-align: justify;\">Las vacaciones sirven para dejar atr\u00e1s todo lo que ya haces durante el a\u00f1o y\u2026 \u00a1DISFRUTAR! Nos gusta despertarnos tarde, que los m\u00e1s peque\u00f1os se despierten hasta m\u00e1s tarde que nosotros, desayunar a las 12h del mediod\u00eda y comer a las cuatro de la tarde. Peque\u00f1os gestos que en nuestra vida diaria, con nuestro trabajo y nuestra obligaciones no tienen lugar. Por eso, las vacaciones de verano son el mejor modo de desconexi\u00f3n de nuestras vidas diarias y, en ocasiones, un poco aburridas.<\/p>\n<p style=\"text-align: justify;\"><a href=\"http:\/\/www.campingverneda.com\/blog\/wp-content\/uploads\/2016\/07\/VidaVerneda_Ninos_CampingVerneda_Pirineos.jpg\"><img decoding=\"async\" loading=\"lazy\" class=\"size-full wp-image-1445 aligncenter\" src=\"http:\/\/www.campingverneda.com\/blog\/wp-content\/uploads\/2016\/07\/VidaVerneda_Ninos_CampingVerneda_Pirineos.jpg\" alt=\"VidaVerneda_Ninos_CampingVerneda_Pirineos\" width=\"945\" height=\"668\" srcset=\"https:\/\/www.campingverneda.com\/blog\/wp-content\/uploads\/2016\/07\/VidaVerneda_Ninos_CampingVerneda_Pirineos-300x212.jpg 300w, https:\/\/www.campingverneda.com\/blog\/wp-content\/uploads\/2016\/07\/VidaVerneda_Ninos_CampingVerneda_Pirineos-600x424.jpg 600w, https:\/\/www.campingverneda.com\/blog\/wp-content\/uploads\/2016\/07\/VidaVerneda_Ninos_CampingVerneda_Pirineos.jpg 945w\" sizes=\"(max-width: 945px) 100vw, 945px\" \/><\/a><\/p>\n<p>El primer paso para las perfectas vacaciones de verano es llegar a la Val d\u2019Aran para disfrutar de este maravilloso y rec\u00f3ndito paraje de los Pirineos catalanes. El plan es venir para conocer nuestras monta\u00f1as, ba\u00f1aros en los r\u00edos y lagos de aguas cristalinas, recorrer senderos, deleitaros con nuestra cultura y gastronom\u00eda, que vuestros ni\u00f1os y ni\u00f1as aprendan a ir en bicicleta y que conozcan y est\u00e9n en contacto con la\u00a0 naturaleza a diario.<\/p>\n<p>Otra de las cosas que hacemos a diario, y muchas veces le dedicamos un tiempo escaso, es a hacer la comida. \u00bfCu\u00e1ntos de vosotros com\u00e9is en casa corriendo? \u00bfCu\u00e1ntos de vosotros le dedic\u00e1is un tiempo suficiente a las comidas para tener una buena alimentaci\u00f3n y una digesti\u00f3n saludable?<\/p>\n<p><a href=\"http:\/\/www.campingverneda.com\/blog\/wp-content\/uploads\/2016\/07\/Familas_VidaVerneda_CampingVerneda_ValdAran1.jpg\"><img decoding=\"async\" loading=\"lazy\" class=\"size-full wp-image-1447 aligncenter\" src=\"http:\/\/www.campingverneda.com\/blog\/wp-content\/uploads\/2016\/07\/Familas_VidaVerneda_CampingVerneda_ValdAran1.jpg\" alt=\"Familas_VidaVerneda_CampingVerneda_ValdAran\" width=\"945\" height=\"668\" srcset=\"https:\/\/www.campingverneda.com\/blog\/wp-content\/uploads\/2016\/07\/Familas_VidaVerneda_CampingVerneda_ValdAran1-300x212.jpg 300w, https:\/\/www.campingverneda.com\/blog\/wp-content\/uploads\/2016\/07\/Familas_VidaVerneda_CampingVerneda_ValdAran1-600x424.jpg 600w, https:\/\/www.campingverneda.com\/blog\/wp-content\/uploads\/2016\/07\/Familas_VidaVerneda_CampingVerneda_ValdAran1.jpg 945w\" sizes=\"(max-width: 945px) 100vw, 945px\" \/><\/a><\/p>\n<p>Como sabemos que a muchos de vosotros no os apetece cocinar en vacaciones, este verano os lo ponemos f\u00e1cil con nuestra <strong>cocina ininterrumpida<\/strong>, as\u00ed pod\u00e9is decidir cu\u00e1ndo comer, a la hora que mejor os apetezca. El horario es de <strong>12h a 23h<\/strong>.<\/p>\n<p style=\"text-align: justify;\">En el restaurante de Camping Verneda, adem\u00e1s de ofreceros un men\u00fa diario muy variado, tambi\u00e9n pod\u00e9is disfrutar de <strong>pizzas artesanas, paellas caseras, bocatas, tapas y platos para los m\u00e1s peque\u00f1os de la casa.<a href=\"http:\/\/www.campingverneda.com\/blog\/wp-content\/uploads\/2016\/07\/Pizza_Casera_CampingVerneda_ValdAran.jpg\"><img decoding=\"async\" loading=\"lazy\" class=\"size-full wp-image-1442 aligncenter\" src=\"http:\/\/www.campingverneda.com\/blog\/wp-content\/uploads\/2016\/07\/Pizza_Casera_CampingVerneda_ValdAran.jpg\" alt=\"Pizza_Casera_CampingVerneda_ValdAran\" width=\"945\" height=\"668\" srcset=\"https:\/\/www.campingverneda.com\/blog\/wp-content\/uploads\/2016\/07\/Pizza_Casera_CampingVerneda_ValdAran-300x212.jpg 300w, https:\/\/www.campingverneda.com\/blog\/wp-content\/uploads\/2016\/07\/Pizza_Casera_CampingVerneda_ValdAran-600x424.jpg 600w, https:\/\/www.campingverneda.com\/blog\/wp-content\/uploads\/2016\/07\/Pizza_Casera_CampingVerneda_ValdAran.jpg 945w\" sizes=\"(max-width: 945px) 100vw, 945px\" \/><\/a><\/strong><\/p>\n<p style=\"text-align: justify;\">Para aquellos que os gusta cocinar, pero quer\u00e9is conocer los sabores araneses, todos los mi\u00e9rcoles durante el verano, ofrecemos una <strong>degustaci\u00f3n de productos t\u00edpicos<\/strong> de la Val d\u2019Aran al que denominamos, <strong>Tastet d\u2019Aran<\/strong>. En \u00e9l pod\u00e9is encontrar ceps, trucha y carne del pa\u00eds. Todo procedente de este magn\u00edfico entorno en el que nos encontramos, la Val d\u2019Aran.<\/p>\n<p style=\"text-align: justify;\">La mejor forma de disfrutar de la <strong>#VidaVerneda<\/strong> es sinti\u00e9ndola en todas sus facetas.<br \/>\n\u00bfVienes a comer con nosotros?<\/p>\n<p>&nbsp;<\/p>\n","protected":false},"excerpt":{"rendered":"<p>Las vacaciones sirven para dejar atr\u00e1s todo lo que ya haces durante el a\u00f1o y\u2026 \u00a1DISFRUTAR! Nos gusta despertarnos tarde, que los m\u00e1s peque\u00f1os se [&hellip;]<\/p>\n","protected":false},"author":1,"featured_media":1443,"comment_status":"open","ping_status":"open","sticky":false,"template":"","format":"standard","meta":[],"categories":[1,98,69],"tags":[448,47,91,452,11,104,447,450,453,99,449,14,189,451,385,167,13,42],"_links":{"self":[{"href":"https:\/\/www.campingverneda.com\/blog\/wp-json\/wp\/v2\/posts\/1441"}],"collection":[{"href":"https:\/\/www.campingverneda.com\/blog\/wp-json\/wp\/v2\/posts"}],"about":[{"href":"https:\/\/www.campingverneda.com\/blog\/wp-json\/wp\/v2\/types\/post"}],"author":[{"embeddable":true,"href":"https:\/\/www.campingverneda.com\/blog\/wp-json\/wp\/v2\/users\/1"}],"replies":[{"embeddable":true,"href":"https:\/\/www.campingverneda.com\/blog\/wp-json\/wp\/v2\/comments?post=1441"}],"version-history":[{"count":7,"href":"https:\/\/www.campingverneda.com\/blog\/wp-json\/wp\/v2\/posts\/1441\/revisions"}],"predecessor-version":[{"id":1453,"href":"https:\/\/www.campingverneda.com\/blog\/wp-json\/wp\/v2\/posts\/1441\/revisions\/1453"}],"wp:featuredmedia":[{"embeddable":true,"href":"https:\/\/www.campingverneda.com\/blog\/wp-json\/wp\/v2\/media\/1443"}],"wp:attachment":[{"href":"https:\/\/www.campingverneda.com\/blog\/wp-json\/wp\/v2\/media?parent=1441"}],"wp:term":[{"taxonomy":"category","embeddable":true,"href":"https:\/\/www.campingverneda.com\/blog\/wp-json\/wp\/v2\/categories?post=1441"},{"taxonomy":"post_tag","embeddable":true,"href":"https:\/\/www.campingverneda.com\/blog\/wp-json\/wp\/v2\/tags?post=1441"}],"curies":[{"name":"wp","href":"https:\/\/api.w.org\/{rel}","templated":true}]}}