{"id":1179,"date":"2016-04-18T16:30:02","date_gmt":"2016-04-18T16:30:02","guid":{"rendered":"http:\/\/www.campingverneda.com\/blog\/?p=1179"},"modified":"2019-03-03T16:39:29","modified_gmt":"2019-03-03T16:39:29","slug":"esta-primavera-escapate-a-la-val-daran","status":"publish","type":"post","link":"https:\/\/www.campingverneda.com\/blog\/2016\/04\/18\/esta-primavera-escapate-a-la-val-daran\/","title":{"rendered":"Esta primavera esc\u00e1pate a la Val d&#8217;Aran"},"content":{"rendered":"<p style=\"text-align: justify;\">Ya es primavera y con ella la Val d\u2019Aran se viste de gala para ofrecer todo su encanto a todos sus habitantes y visitantes. Despu\u00e9s del invierno, las primeras flores salen t\u00edmidamente hasta convertirse en un espect\u00e1culo de colores, las monta\u00f1as se ti\u00f1en de distintos tipos de verdes, el deshielo transforma el agua del Garona en agua pura y cristalina, los bosques renacen y los animales bajan de las monta\u00f1as para llenar los campos de la Val d\u2019Aran. \u00a1Todo un espect\u00e1culo!<\/p>\n<p style=\"text-align: justify;\">\u00a0<a href=\"http:\/\/www.campingverneda.com\/blog\/wp-content\/uploads\/2016\/04\/cascada-Val-dAran.jpg\"><img decoding=\"async\" loading=\"lazy\" class=\"alignnone size-full wp-image-1182\" src=\"http:\/\/www.campingverneda.com\/blog\/wp-content\/uploads\/2016\/04\/cascada-Val-dAran.jpg\" alt=\"cascada Val d'Aran \" width=\"945\" height=\"668\" srcset=\"https:\/\/www.campingverneda.com\/blog\/wp-content\/uploads\/2016\/04\/cascada-Val-dAran-300x212.jpg 300w, https:\/\/www.campingverneda.com\/blog\/wp-content\/uploads\/2016\/04\/cascada-Val-dAran.jpg 945w\" sizes=\"(max-width: 945px) 100vw, 945px\" \/><\/a><\/p>\n<p style=\"text-align: justify;\">Por eso, desde la Vida Verneda queremos pon\u00e9roslo f\u00e1cil para que pod\u00e1is escaparos de la rutina y convertir una <a href=\"http:\/\/www.campingverneda.com\/es\/ofertas.php\" target=\"_blank\">escapada<\/a> en vuestras vacaciones perfectas.<\/p>\n<p style=\"text-align: justify;\">Para los m\u00e1s rom\u00e1nticos, ten\u00e9is el fin de semana de Sant Jordi. \u00bfQu\u00e9 es Sant Jordi? La leyenda cuenta que un drag\u00f3n atemorizaba a un pueblo entero y se com\u00eda a sus gentes. Un d\u00eda el drag\u00f3n decidi\u00f3 que quer\u00eda comerse a la bella, amable y elegante princesa. Mientras la princesa esperaba a ser devorada por el temible drag\u00f3n, apareci\u00f3 un apuesto y joven caballero. \u00c9ste mat\u00f3 al drag\u00f3n con una lanza y de la sangre del animal brot\u00f3 un rosal, con las rosas m\u00e1s rojas que jam\u00e1s se hab\u00edan visto. El joven caballero cort\u00f3 una rosa y se la ofreci\u00f3 a la princesa.<\/p>\n<p style=\"text-align: justify;\">En Catalunya es una tradici\u00f3n muy popular que se celebra el d\u00eda 23 de abril. Ellos regalan rosas y ellas libros a sus hombres. Con el tiempo se ha modernizado y cada uno regala lo que quiere, pero es un s\u00edmbolo de amor.<\/p>\n<p style=\"text-align: justify;\">\u00bfNo cre\u00e9is que es la excusa perfecta para escaparos un fin de semana a la Val d\u2019Aran?<br \/>\nPues si con esto todav\u00eda no os hemos convencido, aqu\u00ed os dejamos con escapadas para todos.<\/p>\n<p style=\"text-align: justify;\"><a href=\"http:\/\/www.campingverneda.com\/blog\/wp-content\/uploads\/2016\/04\/escapadas-blog.png\"><img decoding=\"async\" loading=\"lazy\" class=\"alignnone size-full wp-image-1180\" src=\"http:\/\/www.campingverneda.com\/blog\/wp-content\/uploads\/2016\/04\/escapadas-blog.png\" alt=\"escapadas Camping Verneda\" width=\"945\" height=\"668\" srcset=\"https:\/\/www.campingverneda.com\/blog\/wp-content\/uploads\/2016\/04\/escapadas-blog-300x212.png 300w, https:\/\/www.campingverneda.com\/blog\/wp-content\/uploads\/2016\/04\/escapadas-blog.png 945w\" sizes=\"(max-width: 945px) 100vw, 945px\" \/><\/a><\/p>\n<p style=\"text-align: justify;\">Tenemos planes para todo los gustos. Los m\u00e1s valientes y que quieran disfrutar de la adrenalina al m\u00e1ximo, la primavera es el momento perfecto, para descubrir la Val d\u2019Aran en BTT o en rafting por el r\u00edo Garona. Para los que quer\u00e9is salir de la ciudad con vuestras mascotas, la Val d\u2019Aran ofrece infinidad de senderos para perderos con vuestra mascota o con quien quieras!!<\/p>\n<p>\u00a1Practica la Vida Verneda!<\/p>\n","protected":false},"excerpt":{"rendered":"<p>Ya es primavera y con ella la Val d\u2019Aran se viste de gala para ofrecer todo su encanto a todos sus habitantes y visitantes. Despu\u00e9s [&hellip;]<\/p>\n","protected":false},"author":1,"featured_media":1181,"comment_status":"open","ping_status":"open","sticky":false,"template":"","format":"standard","meta":[],"categories":[1,71,70,230,69],"tags":[278,284,281,207,273,11,280,272,54,282,183,275,277,279,199,283,276,274,94,13,42,40],"_links":{"self":[{"href":"https:\/\/www.campingverneda.com\/blog\/wp-json\/wp\/v2\/posts\/1179"}],"collection":[{"href":"https:\/\/www.campingverneda.com\/blog\/wp-json\/wp\/v2\/posts"}],"about":[{"href":"https:\/\/www.campingverneda.com\/blog\/wp-json\/wp\/v2\/types\/post"}],"author":[{"embeddable":true,"href":"https:\/\/www.campingverneda.com\/blog\/wp-json\/wp\/v2\/users\/1"}],"replies":[{"embeddable":true,"href":"https:\/\/www.campingverneda.com\/blog\/wp-json\/wp\/v2\/comments?post=1179"}],"version-history":[{"count":2,"href":"https:\/\/www.campingverneda.com\/blog\/wp-json\/wp\/v2\/posts\/1179\/revisions"}],"predecessor-version":[{"id":1213,"href":"https:\/\/www.campingverneda.com\/blog\/wp-json\/wp\/v2\/posts\/1179\/revisions\/1213"}],"wp:featuredmedia":[{"embeddable":true,"href":"https:\/\/www.campingverneda.com\/blog\/wp-json\/wp\/v2\/media\/1181"}],"wp:attachment":[{"href":"https:\/\/www.campingverneda.com\/blog\/wp-json\/wp\/v2\/media?parent=1179"}],"wp:term":[{"taxonomy":"category","embeddable":true,"href":"https:\/\/www.campingverneda.com\/blog\/wp-json\/wp\/v2\/categories?post=1179"},{"taxonomy":"post_tag","embeddable":true,"href":"https:\/\/www.campingverneda.com\/blog\/wp-json\/wp\/v2\/tags?post=1179"}],"curies":[{"name":"wp","href":"https:\/\/api.w.org\/{rel}","templated":true}]}}