{"id":1167,"date":"2016-04-11T18:03:38","date_gmt":"2016-04-11T18:03:38","guid":{"rendered":"http:\/\/www.campingverneda.com\/blog\/?p=1167"},"modified":"2019-03-03T16:39:29","modified_gmt":"2019-03-03T16:39:29","slug":"disfruta-de-la-vida-verneda-con-actividades-para-todos","status":"publish","type":"post","link":"https:\/\/www.campingverneda.com\/blog\/2016\/04\/11\/disfruta-de-la-vida-verneda-con-actividades-para-todos\/","title":{"rendered":"Disfruta de la Vida Verneda con actividades para todos"},"content":{"rendered":"<p style=\"text-align: justify;\">Como todos sab\u00e9is, la primavera y el verano en la Val d\u2019Aran ofrecen infinidad de actividades al aire libre como senderismo, rafting, barranquismo, mountain bike y mucho m\u00e1s. Y como nosotros queremos hacer de vuestra estancia a lo Vida Verneda las mejores vacaciones habidas y por haber, tambi\u00e9n os ofrecemos <a href=\"http:\/\/campingverneda.com\/es\/actividades-list.php\" target=\"_blank\"><strong>actividades gratuitas<\/strong><\/a> tanto para los mas peque\u00f1os de la casa como para los mayores.<\/p>\n<p style=\"text-align: justify;\">Por un lado, ofrecemos excursiones guiadas por todos los rincones de este magn\u00edfico valle en el que nos encontramos, y tambi\u00e9n por los valles vecinos como el Valle de Lys en Francia. La visita al Valle de Lys, o <a href=\"http:\/\/es.luchon.com\/inicio\/deportesymontana\/senderismo\/valledellys.aspx\" target=\"_blank\">Vall\u00e9e de Lys<\/a> en su idioma original, se trata de una excursi\u00f3n de un d\u00eda completo a la cascada del Infern con un recorrido por la zona del Hospice de France para acabar visitando el Museo del Pirineo. Despu\u00e9s se puede disfrutar de un delicioso tentempi\u00e9 a base de pat\u00e9s y quesos t\u00edpicos de la zona, en el mismo refugio que se encuentra en las faldas del Hospice. Otra de las excursiones preferidas por nuestros campistas es la visita al valle de <strong>Aiguam\u00f2g<\/strong> y el recorrido por los <a href=\"http:\/\/www.minube.com\/rincon\/ruta-de-los-lagos-de-colomers-valle-de-aran-a188851\" target=\"_blank\">lagos de Colomers<\/a>. Se trata de un circuito lacuestre (un circuito de lagos) en el que podr\u00e9is disfrutar de uno de lo parajes m\u00e1s emblem\u00e1ticos de la Val d\u2019Aran.<\/p>\n<p><a href=\"http:\/\/www.campingverneda.com\/blog\/wp-content\/uploads\/2016\/04\/IMG_5486.jpg\"><img decoding=\"async\" loading=\"lazy\" class=\"alignnone size-full wp-image-1169\" src=\"http:\/\/www.campingverneda.com\/blog\/wp-content\/uploads\/2016\/04\/IMG_5486.jpg\" alt=\"Colomers_ ValdAran\" width=\"945\" height=\"668\" srcset=\"https:\/\/www.campingverneda.com\/blog\/wp-content\/uploads\/2016\/04\/IMG_5486-300x212.jpg 300w, https:\/\/www.campingverneda.com\/blog\/wp-content\/uploads\/2016\/04\/IMG_5486.jpg 945w\" sizes=\"(max-width: 945px) 100vw, 945px\" \/><\/a><\/p>\n<p style=\"text-align: justify;\">Las excursiones van siempre acompa\u00f1adas de un gu\u00eda experto en alta monta\u00f1a y en fauna y flora que amenizar\u00e1 vuestras excursiones hasta conseguir convertiros en unos enamorados de los Pirineos. Muchas de las excursiones son aptas para toda la familia pero, algunas de ellas, debido a su dificultad, son solamente aptas para adultos.<\/p>\n<p><a href=\"http:\/\/www.campingverneda.com\/blog\/wp-content\/uploads\/2016\/04\/dsc_9948_21175189942_o.jpg\"><img decoding=\"async\" loading=\"lazy\" class=\"alignnone size-full wp-image-1170\" src=\"http:\/\/www.campingverneda.com\/blog\/wp-content\/uploads\/2016\/04\/dsc_9948_21175189942_o.jpg\" alt=\"Excursiones_CampingVerneda\" width=\"945\" height=\"668\" srcset=\"https:\/\/www.campingverneda.com\/blog\/wp-content\/uploads\/2016\/04\/dsc_9948_21175189942_o-300x212.jpg 300w, https:\/\/www.campingverneda.com\/blog\/wp-content\/uploads\/2016\/04\/dsc_9948_21175189942_o.jpg 945w\" sizes=\"(max-width: 945px) 100vw, 945px\" \/><\/a><\/p>\n<p style=\"text-align: justify;\">Por otro lado, tambi\u00e9n ofrecemos actividades gratuitas para los reyes del camping, los ni\u00f1os. Las actividades son variadas y siempre se adaptan a las edades de los ni\u00f1os que participan. Entre las m\u00e1s solicitadas por los ni\u00f1os encontramos los paseos en nuestros <strong>ponnies<\/strong> Rita, Queta, Paulina, Nera, Pocoyo, Spirit, Russie y Currie. Tambi\u00e9n ofrecemos juegos de orientaci\u00f3n, gincanas, malabares, juegos acu\u00e1ticos en nuestra piscina de agua salada, talleres de cocina o c\u00f3mo hacer caba\u00f1as en el bosque, \u00a1y todas gratuitas!<\/p>\n<p>C\u00f3mo veis, queremos hacer de vuestras vacaciones las <strong>mejores vacaciones.<\/strong> Queremos que disfrut\u00e9is de vuestra estancia en la Val d\u2019Aran, que form\u00e9is parte de la gran familia Verneda hasta convertirlo en vuestra segunda casa. \u00bfOs anim\u00e1is?<\/p>\n","protected":false},"excerpt":{"rendered":"<p>Como todos sab\u00e9is, la primavera y el verano en la Val d\u2019Aran ofrecen infinidad de actividades al aire libre como senderismo, rafting, barranquismo, mountain bike [&hellip;]<\/p>\n","protected":false},"author":1,"featured_media":1168,"comment_status":"open","ping_status":"open","sticky":false,"template":"","format":"standard","meta":[],"categories":[1,71],"tags":[267,262,258,254,265,47,11,261,259,54,264,257,268,260,263,166,266,199,94,148,13,42,255,256],"_links":{"self":[{"href":"https:\/\/www.campingverneda.com\/blog\/wp-json\/wp\/v2\/posts\/1167"}],"collection":[{"href":"https:\/\/www.campingverneda.com\/blog\/wp-json\/wp\/v2\/posts"}],"about":[{"href":"https:\/\/www.campingverneda.com\/blog\/wp-json\/wp\/v2\/types\/post"}],"author":[{"embeddable":true,"href":"https:\/\/www.campingverneda.com\/blog\/wp-json\/wp\/v2\/users\/1"}],"replies":[{"embeddable":true,"href":"https:\/\/www.campingverneda.com\/blog\/wp-json\/wp\/v2\/comments?post=1167"}],"version-history":[{"count":1,"href":"https:\/\/www.campingverneda.com\/blog\/wp-json\/wp\/v2\/posts\/1167\/revisions"}],"predecessor-version":[{"id":1171,"href":"https:\/\/www.campingverneda.com\/blog\/wp-json\/wp\/v2\/posts\/1167\/revisions\/1171"}],"wp:featuredmedia":[{"embeddable":true,"href":"https:\/\/www.campingverneda.com\/blog\/wp-json\/wp\/v2\/media\/1168"}],"wp:attachment":[{"href":"https:\/\/www.campingverneda.com\/blog\/wp-json\/wp\/v2\/media?parent=1167"}],"wp:term":[{"taxonomy":"category","embeddable":true,"href":"https:\/\/www.campingverneda.com\/blog\/wp-json\/wp\/v2\/categories?post=1167"},{"taxonomy":"post_tag","embeddable":true,"href":"https:\/\/www.campingverneda.com\/blog\/wp-json\/wp\/v2\/tags?post=1167"}],"curies":[{"name":"wp","href":"https:\/\/api.w.org\/{rel}","templated":true}]}}