{"id":1135,"date":"2016-04-01T17:00:50","date_gmt":"2016-04-01T17:00:50","guid":{"rendered":"http:\/\/www.campingverneda.com\/blog\/?p=1135"},"modified":"2019-03-03T16:39:30","modified_gmt":"2019-03-03T16:39:30","slug":"primavera-en-la-val-daran-15-momentos-que-tienes-que-vivir","status":"publish","type":"post","link":"https:\/\/www.campingverneda.com\/blog\/2016\/04\/01\/primavera-en-la-val-daran-15-momentos-que-tienes-que-vivir\/","title":{"rendered":"15 momentos para dar la bienvenida a la primavera en la Val d&#8217;Aran"},"content":{"rendered":"<ol>\n<li>Escapar de la ciudad y ver c\u00f3mo crecen las flores en su h\u00e1bitat natural.<\/li>\n<li>Salir descalzos al jard\u00edn al despertarnos y sentir el roc\u00edo de la hierba en nuestros pies.<\/li>\n<li>Hacer un collar con margaritas mientras te preguntas si te quiere o no te quiere.<\/li>\n<li>Contemplar las cimas de la monta\u00f1as nevadas mientras sientes el sol tirado\/a en la hierba.<\/li>\n<li>Ver c\u00f3mo el deshielo de los lagos llega a lo m\u00e1s profundo de la Val d\u2019Aran y sus aguas de convierten en cristalinas durante los meses de primavera. <a href=\"http:\/\/www.campingverneda.com\/blog\/wp-content\/uploads\/2016\/04\/deshielo_val_daran_pirineos_primavera_camping_verneda.jpg\"><img decoding=\"async\" loading=\"lazy\" class=\"alignnone size-full wp-image-1139\" src=\"http:\/\/www.campingverneda.com\/blog\/wp-content\/uploads\/2016\/04\/deshielo_val_daran_pirineos_primavera_camping_verneda.jpg\" alt=\"deshielo_val_daran_pirineos_primavera_camping_verneda\" width=\"945\" height=\"668\" srcset=\"https:\/\/www.campingverneda.com\/blog\/wp-content\/uploads\/2016\/04\/deshielo_val_daran_pirineos_primavera_camping_verneda-300x212.jpg 300w, https:\/\/www.campingverneda.com\/blog\/wp-content\/uploads\/2016\/04\/deshielo_val_daran_pirineos_primavera_camping_verneda.jpg 945w\" sizes=\"(max-width: 945px) 100vw, 945px\" \/><\/a><\/li>\n<li>Dejar a los perros sueltos por un campo lleno de narcisos\u00a0 y ver c\u00f3mo se desvanecen por el cielo.<\/li>\n<li>Crear un ramo de flores silvestres y dejarlo secar del rev\u00e9s en su sitio oscuro para que se convierta en eterno. <a href=\"http:\/\/www.campingverneda.com\/blog\/wp-content\/uploads\/2016\/04\/Flores_secas_val_daran_primavera_camping_veneda.jpg\"><img decoding=\"async\" loading=\"lazy\" class=\"alignnone size-full wp-image-1136\" src=\"http:\/\/www.campingverneda.com\/blog\/wp-content\/uploads\/2016\/04\/Flores_secas_val_daran_primavera_camping_veneda.jpg\" alt=\"Flores_secas_val_daran_primavera_camping_veneda\" width=\"945\" height=\"668\" srcset=\"https:\/\/www.campingverneda.com\/blog\/wp-content\/uploads\/2016\/04\/Flores_secas_val_daran_primavera_camping_veneda-300x212.jpg 300w, https:\/\/www.campingverneda.com\/blog\/wp-content\/uploads\/2016\/04\/Flores_secas_val_daran_primavera_camping_veneda.jpg 945w\" sizes=\"(max-width: 945px) 100vw, 945px\" \/><\/a><\/li>\n<li>Hacer las fotos m\u00e1s bonitas y con menos filtros.<\/li>\n<li>Empezar la operaci\u00f3n bikini recorriendo los senderos que salen del Camin Reiau.<\/li>\n<li>Plantar una flor para ver c\u00f3mo crece hasta la llegada del verano.<\/li>\n<li>Ense\u00f1ar a los ni\u00f1os a soplar un diente de le\u00f3n de un s\u00f3lo soplo.<\/li>\n<li>Andar por las monta\u00f1as y escuchar el silbido de las marmotas.<\/li>\n<li>Degustar los platos t\u00edpicos araneses con productos de temporada.<\/li>\n<li>Contemplar el anochecer desde la Bassa de Arres.<\/li>\n<li>Contar las infinitas estrellas que se ven junto a la luna en cuanto oscurece.<a href=\"http:\/\/www.campingverneda.com\/blog\/wp-content\/uploads\/2016\/04\/osa-menor-animada.gif\"><img decoding=\"async\" loading=\"lazy\" class=\"alignnone size-full wp-image-1143\" src=\"http:\/\/www.campingverneda.com\/blog\/wp-content\/uploads\/2016\/04\/osa-menor-animada.gif\" alt=\"osa-menor-animada\" width=\"1200\" height=\"794\" \/><\/a><\/li>\n<\/ol>\n","protected":false},"excerpt":{"rendered":"<p>Escapar de la ciudad y ver c\u00f3mo crecen las flores en su h\u00e1bitat natural. Salir descalzos al jard\u00edn al despertarnos y sentir el roc\u00edo de [&hellip;]<\/p>\n","protected":false},"author":1,"featured_media":1138,"comment_status":"open","ping_status":"open","sticky":false,"template":"","format":"standard","meta":[],"categories":[1,71,230],"tags":[238,48,237,204,11,235,41,232,231,241,240,14,227,233,234,236,13,42,239,40],"_links":{"self":[{"href":"https:\/\/www.campingverneda.com\/blog\/wp-json\/wp\/v2\/posts\/1135"}],"collection":[{"href":"https:\/\/www.campingverneda.com\/blog\/wp-json\/wp\/v2\/posts"}],"about":[{"href":"https:\/\/www.campingverneda.com\/blog\/wp-json\/wp\/v2\/types\/post"}],"author":[{"embeddable":true,"href":"https:\/\/www.campingverneda.com\/blog\/wp-json\/wp\/v2\/users\/1"}],"replies":[{"embeddable":true,"href":"https:\/\/www.campingverneda.com\/blog\/wp-json\/wp\/v2\/comments?post=1135"}],"version-history":[{"count":9,"href":"https:\/\/www.campingverneda.com\/blog\/wp-json\/wp\/v2\/posts\/1135\/revisions"}],"predecessor-version":[{"id":1149,"href":"https:\/\/www.campingverneda.com\/blog\/wp-json\/wp\/v2\/posts\/1135\/revisions\/1149"}],"wp:featuredmedia":[{"embeddable":true,"href":"https:\/\/www.campingverneda.com\/blog\/wp-json\/wp\/v2\/media\/1138"}],"wp:attachment":[{"href":"https:\/\/www.campingverneda.com\/blog\/wp-json\/wp\/v2\/media?parent=1135"}],"wp:term":[{"taxonomy":"category","embeddable":true,"href":"https:\/\/www.campingverneda.com\/blog\/wp-json\/wp\/v2\/categories?post=1135"},{"taxonomy":"post_tag","embeddable":true,"href":"https:\/\/www.campingverneda.com\/blog\/wp-json\/wp\/v2\/tags?post=1135"}],"curies":[{"name":"wp","href":"https:\/\/api.w.org\/{rel}","templated":true}]}}