{"id":1096,"date":"2016-03-15T17:01:21","date_gmt":"2016-03-15T17:01:21","guid":{"rendered":"http:\/\/www.campingverneda.com\/blog\/?p=1096"},"modified":"2016-03-19T09:32:19","modified_gmt":"2016-03-19T09:32:19","slug":"cuenta-atras-para-el-dia-del-padre","status":"publish","type":"post","link":"https:\/\/www.campingverneda.com\/blog\/2016\/03\/15\/cuenta-atras-para-el-dia-del-padre\/","title":{"rendered":"Cuenta atr\u00e1s para el D\u00eda del Padre"},"content":{"rendered":"<p style=\"text-align: justify;\">Nuestros padres son \u00fanicos, ellos nos ense\u00f1an el lado m\u00e1s aventurero de la vida, nos ayudan a quitar el miedo y nos explican los secretos de la Naturaleza porque lo saben todo todo todo.<\/p>\n<p>Este fin de semana celebramos el D\u00eda del padre al estilo Vida Verneda y con un mont\u00f3n de actividades organizadas en la Val d\u2019Aran. Para los <strong>padres m\u00e1s de nieve<\/strong>, se les puede sorprender con la <a href=\"http:\/\/www.visitvaldaran.com\/competicion-espectaculo-y-animacion-en-la-val-daran-con-la-final-de-la-copa-del-mundo-de-snowboard-cross-fis-2016\/\" target=\"_blank\">Final de la Copa del Mundo de Snowboard Cross FIS 2016<\/a> en la estaci\u00f3n de Baqueira Beret. Durante los d\u00edas 19 y 20 de marzo se podr\u00e1 disfrutar de este evento internacional que traer\u00e1 a la Val d\u2019Aran a los mejores hombres y mujeres del circuito SBX FIS 2016. El equipo espa\u00f1ol cuenta con la con la presencia de\u00a0 Lucas Eguibar, campe\u00f3n de la Copa del Mundo 2014-2015, Lalo Herrero y del andaluz Regino Hern\u00e1ndez. \u00a1Mucha suerte a todos!<\/p>\n<p>Los <strong>padres con paladares m\u00e1s exquisitos<\/strong> pueden acercarse a la degustaci\u00f3n de &#8220;\u00d2lha Aranesa&#8221; ofrecida por el restaurante B\u00f2rda Lobat\u00f3 de Baqueira. Aqu\u00ed podr\u00e1n degustar uno de los platos m\u00e1s t\u00edpicos del Valle de Ar\u00e1n, aut\u00e9ntica gastronom\u00eda aranesa. Y otra forma de disfrutar de los sabores araneses es disfrutar de la <a href=\"http:\/\/www.conselharan.org\/es\/nueva-edicion-de-la-semana-del-caviar-en-la-val-daran-del-14-al-20-de-marzo\/\" target=\"_blank\">Semana del Caviar 2016<\/a>, en la que hasta el domingo d\u00eda 20 ocho restaurante crear\u00e1n diferentes men\u00fas con el caviar como protagonista. Los restaurantes son\u00a0 B\u00f2rda Lobat\u00f3, Casa Pau, Era Coqu\u00e8la, Era M\u00f2la, Es Arra\u00eftzes, Hotel Tuca, Pirineu Gourmet- Eth Cer\u00e8r der Urtau y Roc\u2019n Cris.<\/p>\n<p>El Festival <a href=\"http:\/\/www.pyrenades.es\/\" target=\"_blank\">Pyrenades<\/a> es la opci\u00f3n perfecta para esos<strong> padres amantes de la m\u00fasica, los paseos, las exposiciones\u2026<\/strong> Desde el s\u00e1bado 19 hasta el s\u00e1bado 26 de marzo Pyrenades vuelve a la Val d\u2019Aran en sus jornadas anuales sobre pirineismo. Este Festival es una forma forma de pasar\u00a0 el D\u00eda del Padre y la Semana Santa con la familia y entre amigos, en contacto directo con la Naturaleza y disfrutando de su amplio programa de actividades, con conferencias, proyecciones y mucho m\u00e1s.<\/p>\n<p>\u00a1Nos espera un fin de semana repleto de actividades para pasar un D\u00eda del Padre inolvidable!<\/p>\n","protected":false},"excerpt":{"rendered":"<p>Nuestros padres son \u00fanicos, ellos nos ense\u00f1an el lado m\u00e1s aventurero de la vida, nos ayudan a quitar el miedo y nos explican los secretos [&hellip;]<\/p>\n","protected":false},"author":1,"featured_media":1095,"comment_status":"open","ping_status":"open","sticky":false,"template":"","format":"standard","meta":[],"categories":[71,73,69],"tags":[15,48,177,11,152,172,169,174,178,175,14,170,176,173,171,67,42,40,74,75],"_links":{"self":[{"href":"https:\/\/www.campingverneda.com\/blog\/wp-json\/wp\/v2\/posts\/1096"}],"collection":[{"href":"https:\/\/www.campingverneda.com\/blog\/wp-json\/wp\/v2\/posts"}],"about":[{"href":"https:\/\/www.campingverneda.com\/blog\/wp-json\/wp\/v2\/types\/post"}],"author":[{"embeddable":true,"href":"https:\/\/www.campingverneda.com\/blog\/wp-json\/wp\/v2\/users\/1"}],"replies":[{"embeddable":true,"href":"https:\/\/www.campingverneda.com\/blog\/wp-json\/wp\/v2\/comments?post=1096"}],"version-history":[{"count":3,"href":"https:\/\/www.campingverneda.com\/blog\/wp-json\/wp\/v2\/posts\/1096\/revisions"}],"predecessor-version":[{"id":1099,"href":"https:\/\/www.campingverneda.com\/blog\/wp-json\/wp\/v2\/posts\/1096\/revisions\/1099"}],"wp:featuredmedia":[{"embeddable":true,"href":"https:\/\/www.campingverneda.com\/blog\/wp-json\/wp\/v2\/media\/1095"}],"wp:attachment":[{"href":"https:\/\/www.campingverneda.com\/blog\/wp-json\/wp\/v2\/media?parent=1096"}],"wp:term":[{"taxonomy":"category","embeddable":true,"href":"https:\/\/www.campingverneda.com\/blog\/wp-json\/wp\/v2\/categories?post=1096"},{"taxonomy":"post_tag","embeddable":true,"href":"https:\/\/www.campingverneda.com\/blog\/wp-json\/wp\/v2\/tags?post=1096"}],"curies":[{"name":"wp","href":"https:\/\/api.w.org\/{rel}","templated":true}]}}