{"id":1071,"date":"2016-03-10T13:58:49","date_gmt":"2016-03-10T13:58:49","guid":{"rendered":"http:\/\/www.campingverneda.com\/blog\/?p=1071"},"modified":"2019-03-03T16:39:30","modified_gmt":"2019-03-03T16:39:30","slug":"ventajas-de-alojarse-en-un-camping","status":"publish","type":"post","link":"https:\/\/www.campingverneda.com\/blog\/2016\/03\/10\/ventajas-de-alojarse-en-un-camping\/","title":{"rendered":"Ventajas de alojarse en un camping"},"content":{"rendered":"<p style=\"text-align: justify;\">Cada vez m\u00e1s personas escogen un camping para pasar sus vacaciones, no s\u00f3lo como una alternativa m\u00e1s econ\u00f3mica sino como una alternativa de alojamiento en contacto directo con la naturaleza. De hecho, desde hace aproximadamente diez a\u00f1os, las pernoctaciones en los campings han aumentado.<\/p>\n<p style=\"text-align: justify;\">Por otro lado, gracias al auge de las autocaravanas cada vez hay m\u00e1s adeptos a la acampada libre. Pero, \u00bfcu\u00e1les son las ventajas de alojarse en un camping?<\/p>\n<p style=\"text-align: justify;\">Una de las claras ventajas de optar por quedarse en un camping las comodidades que \u00e9ste ofrece: lavabos y duchas con agua caliente, parcelas sombreadas o soleadas, servicios de bar-restaurante y venta de productos alimenticios, de productos espec\u00edficos para la acampada o para autocaravanas\u2026<\/p>\n<p style=\"text-align: justify;\">La seguridad es tambi\u00e9n otra clara ventaja de alojarse en un camping. Por un lado, las instalaciones est\u00e1n bajo vigilancia constante. Los ni\u00f1os pueden alejarse de sus familias, hacer amigos, corretear arriba y abajo, ir a la piscina o recorrer los recovecos del camping, sin que los padres tengan que estar pendiente de ellos constantemente.<\/p>\n<p style=\"text-align: justify;\">\u00a0Una de las mayores caracter\u00edsticas de los expertos campistas es el despliegue de mesas, sillas, toldos y dem\u00e1s comodidades para una perfecta estancia en un camping, cosa que en la acampada libre o en los cascos urbanos no se permite.<\/p>\n<p style=\"text-align: justify;\">Los autocaravanistas son los m\u00e1s adeptos a la acampada libre, pero tienen la necesidad de estar en un camping para vaciar las aguas grises y el wc qu\u00edmico, llenar las autocaravanas o furgonetas de agua. Adem\u00e1s en los campings se les ofrecen parcelas llanas para una mayor comodidad de su estancia.<\/p>\n<p style=\"text-align: justify;\">En Camping Verneda ofrecemos una tarifa reducida de pernocta (de 20h a 10h) para las autocaravanas o furgonetas, la llamamos <a href=\"http:\/\/www.campingverneda.com\/es\/acampada.php\" target=\"_blank\">Sleep&amp;Go<\/a>: 1 autovaravana o camper m\u00e1s dos personas, por s\u00f3lo 14\u20ac en temporada baja.<\/p>\n<p style=\"text-align: justify;\">Para los nuevos campistas os invitamos a conocer las instalaciones de nuestra <a href=\"https:\/\/www.facebook.com\/campingverneda\/?fref=nf\" target=\"_blank\">Vida Verneda<\/a> en las que podr\u00e9is disfrutar de toda las comodidades en plena naturaleza sin renunciar a la tranquilidad de la monta\u00f1a. <strong>Nuestra zona de acampada est\u00e1 abierta a partir del 18 de marzo<\/strong>.<\/p>\n<p style=\"text-align: justify;\">\u00bfVienes a descubrirnos?<\/p>\n<p style=\"text-align: justify;\">\n","protected":false},"excerpt":{"rendered":"<p>Cada vez m\u00e1s personas escogen un camping para pasar sus vacaciones, no s\u00f3lo como una alternativa m\u00e1s econ\u00f3mica sino como una alternativa de alojamiento en [&hellip;]<\/p>\n","protected":false},"author":1,"featured_media":1072,"comment_status":"open","ping_status":"open","sticky":false,"template":"","format":"standard","meta":[],"categories":[1,71,72,69],"tags":[160,161,162,47,54,163,140,166,164,165,167,159,40],"_links":{"self":[{"href":"https:\/\/www.campingverneda.com\/blog\/wp-json\/wp\/v2\/posts\/1071"}],"collection":[{"href":"https:\/\/www.campingverneda.com\/blog\/wp-json\/wp\/v2\/posts"}],"about":[{"href":"https:\/\/www.campingverneda.com\/blog\/wp-json\/wp\/v2\/types\/post"}],"author":[{"embeddable":true,"href":"https:\/\/www.campingverneda.com\/blog\/wp-json\/wp\/v2\/users\/1"}],"replies":[{"embeddable":true,"href":"https:\/\/www.campingverneda.com\/blog\/wp-json\/wp\/v2\/comments?post=1071"}],"version-history":[{"count":1,"href":"https:\/\/www.campingverneda.com\/blog\/wp-json\/wp\/v2\/posts\/1071\/revisions"}],"predecessor-version":[{"id":1073,"href":"https:\/\/www.campingverneda.com\/blog\/wp-json\/wp\/v2\/posts\/1071\/revisions\/1073"}],"wp:featuredmedia":[{"embeddable":true,"href":"https:\/\/www.campingverneda.com\/blog\/wp-json\/wp\/v2\/media\/1072"}],"wp:attachment":[{"href":"https:\/\/www.campingverneda.com\/blog\/wp-json\/wp\/v2\/media?parent=1071"}],"wp:term":[{"taxonomy":"category","embeddable":true,"href":"https:\/\/www.campingverneda.com\/blog\/wp-json\/wp\/v2\/categories?post=1071"},{"taxonomy":"post_tag","embeddable":true,"href":"https:\/\/www.campingverneda.com\/blog\/wp-json\/wp\/v2\/tags?post=1071"}],"curies":[{"name":"wp","href":"https:\/\/api.w.org\/{rel}","templated":true}]}}