{"id":795,"count":45,"description":"Nuestros posts m\u00e1s destacados para ampliar tu informaci\u00f3n en tus vacaciones de verano e invierno en Verneda Camping Mountain Resort, en la Val d'Aran. Planifica as\u00ed una estancia inolvidable en los Pirineos.","link":"https:\/\/www.campingverneda.com\/blog\/category\/vacaciones-en-la-val-d-aran\/","name":"Lo m\u00e1s destacado","slug":"vacaciones-en-la-val-d-aran","taxonomy":"category","parent":0,"meta":[],"_links":{"self":[{"href":"https:\/\/www.campingverneda.com\/blog\/wp-json\/wp\/v2\/categories\/795"}],"collection":[{"href":"https:\/\/www.campingverneda.com\/blog\/wp-json\/wp\/v2\/categories"}],"about":[{"href":"https:\/\/www.campingverneda.com\/blog\/wp-json\/wp\/v2\/taxonomies\/category"}],"wp:post_type":[{"href":"https:\/\/www.campingverneda.com\/blog\/wp-json\/wp\/v2\/posts?categories=795"}],"curies":[{"name":"wp","href":"https:\/\/api.w.org\/{rel}","templated":true}]}}