{"id":230,"count":30,"description":"Vive la primavera en la Val d'Aran. Disfruta del aut\u00e9ntico espect\u00e1culo que nos ofrece la Naturaleza en este rinc\u00f3n de los Pirineos. Alojante en nuestros\u00a0 c\u00e1lidos bungalows\u00a0 de madera o si lo prefieres con tu tienda de campa\u00f1a, camper o autocaravana.","link":"https:\/\/www.campingverneda.com\/blog\/category\/primavera-en-pirineos-verneda-camping\/","name":"Primavera en los Pirineos","slug":"primavera-en-pirineos-verneda-camping","taxonomy":"category","parent":0,"meta":[],"_links":{"self":[{"href":"https:\/\/www.campingverneda.com\/blog\/wp-json\/wp\/v2\/categories\/230"}],"collection":[{"href":"https:\/\/www.campingverneda.com\/blog\/wp-json\/wp\/v2\/categories"}],"about":[{"href":"https:\/\/www.campingverneda.com\/blog\/wp-json\/wp\/v2\/taxonomies\/category"}],"wp:post_type":[{"href":"https:\/\/www.campingverneda.com\/blog\/wp-json\/wp\/v2\/posts?categories=230"}],"curies":[{"name":"wp","href":"https:\/\/api.w.org\/{rel}","templated":true}]}}